{"id":7380,"date":"2019-05-12T08:38:12","date_gmt":"2019-05-12T07:38:12","guid":{"rendered":"http:\/\/fotoklub-cakovec.hr\/wp\/?p=7380"},"modified":"2019-05-12T08:48:11","modified_gmt":"2019-05-12T07:48:11","slug":"promocija-knjige-promisljati-fotografski-u-cakovcu","status":"publish","type":"post","link":"https:\/\/fotoklub-cakovec.hr\/wp\/2019\/05\/promocija-knjige-promisljati-fotografski-u-cakovcu","title":{"rendered":"Promocija knjige &#8220;Promi\u0161ljati fotografski&#8221; u \u010cakovcu"},"content":{"rendered":"\n<figure class=\"wp-block-image\"><img fetchpriority=\"high\" decoding=\"async\" width=\"724\" height=\"1024\" src=\"http:\/\/fotoklub-cakovec.hr\/wp\/wp-content\/uploads\/2019\/05\/PLAKAT_PROMOCIJA-724x1024.jpg\" alt=\"\" class=\"wp-image-7381 colorbox-7380\" srcset=\"https:\/\/fotoklub-cakovec.hr\/wp\/wp-content\/uploads\/2019\/05\/PLAKAT_PROMOCIJA-724x1024.jpg 724w, https:\/\/fotoklub-cakovec.hr\/wp\/wp-content\/uploads\/2019\/05\/PLAKAT_PROMOCIJA-212x300.jpg 212w, https:\/\/fotoklub-cakovec.hr\/wp\/wp-content\/uploads\/2019\/05\/PLAKAT_PROMOCIJA-768x1086.jpg 768w, https:\/\/fotoklub-cakovec.hr\/wp\/wp-content\/uploads\/2019\/05\/PLAKAT_PROMOCIJA-346x490.jpg 346w, https:\/\/fotoklub-cakovec.hr\/wp\/wp-content\/uploads\/2019\/05\/PLAKAT_PROMOCIJA-173x245.jpg 173w\" sizes=\"(max-width: 724px) 100vw, 724px\" \/><figcaption> <\/figcaption><\/figure>\n\n\n\n<p>Pozivamo Vas na promociju 2. izdanja knjige &#8220;Promi\u0161ljati fotografski&#8221; (Davor \u017derjav) koja \u0107e se odr\u017eati u Knji\u017enici &#8220;Nikola Zrinski&#8221; \u010cakovec u utorak 14. svibnja 2019. u 19 sati. <\/p>\n\n\n\n<p>Svatko tko sa sobom na promociju dovede jo\u0161 3 osobe (koje nisu \u010dlanovi Fotokluba \u010cakovec), dobit \u0107e na poklon knjigu koju promoviramo.  Knjige koje \u0107emo pokloniti osigurao je na\u0161 dragi sponzor Konto d.o.o. i Fotoklub \u010cakovec.  Vidimo se!<\/p>\n","protected":false},"excerpt":{"rendered":"<p>Pozivamo Vas na promociju 2. izdanja knjige &#8220;Promi\u0161ljati fotografski&#8221; (Davor \u017derjav) koja \u0107e se odr\u017eati u Knji\u017enici &#8220;Nikola Zrinski&#8221; \u010cakovec u utorak 14. svibnja 2019. u 19 sati. Svatko tko sa sobom na promociju dovede jo\u0161 3 osobe (koje nisu \u010dlanovi Fotokluba \u010cakovec), dobit \u0107e na poklon knjigu koju promoviramo. Knjige koje \u0107emo pokloniti osigurao [&hellip;]<\/p>\n","protected":false},"author":10,"featured_media":0,"comment_status":"open","ping_status":"closed","sticky":false,"template":"","format":"standard","meta":{"footnotes":""},"categories":[1],"tags":[70,269,164,223,106,175,922,108,107],"yoast_head":"<!-- This site is optimized with the Yoast SEO plugin v22.1 - https:\/\/yoast.com\/wordpress\/plugins\/seo\/ -->\n<title>Promocija knjige &quot;Promi\u0161ljati fotografski&quot; u \u010cakovcu - Fotoklub \u010cakovec<\/title>\n<meta name=\"robots\" content=\"index, follow, max-snippet:-1, max-image-preview:large, max-video-preview:-1\" \/>\n<link rel=\"canonical\" href=\"https:\/\/fotoklub-cakovec.hr\/wp\/2019\/05\/promocija-knjige-promisljati-fotografski-u-cakovcu\" \/>\n<meta property=\"og:locale\" content=\"hr_HR\" \/>\n<meta property=\"og:type\" content=\"article\" \/>\n<meta property=\"og:title\" content=\"Promocija knjige &quot;Promi\u0161ljati fotografski&quot; u \u010cakovcu - Fotoklub \u010cakovec\" \/>\n<meta property=\"og:description\" content=\"Pozivamo Vas na promociju 2. izdanja knjige &#8220;Promi\u0161ljati fotografski&#8221; (Davor \u017derjav) koja \u0107e se odr\u017eati u Knji\u017enici &#8220;Nikola Zrinski&#8221; \u010cakovec u utorak 14. svibnja 2019. u 19 sati. Svatko tko sa sobom na promociju dovede jo\u0161 3 osobe (koje nisu \u010dlanovi Fotokluba \u010cakovec), dobit \u0107e na poklon knjigu koju promoviramo. Knjige koje \u0107emo pokloniti osigurao [&hellip;]\" \/>\n<meta property=\"og:url\" content=\"https:\/\/fotoklub-cakovec.hr\/wp\/2019\/05\/promocija-knjige-promisljati-fotografski-u-cakovcu\" \/>\n<meta property=\"og:site_name\" content=\"Fotoklub \u010cakovec\" \/>\n<meta property=\"article:author\" content=\"http:\/\/www.facebook.com\/davor.zerjav\" \/>\n<meta property=\"article:published_time\" content=\"2019-05-12T07:38:12+00:00\" \/>\n<meta property=\"article:modified_time\" content=\"2019-05-12T07:48:11+00:00\" \/>\n<meta property=\"og:image\" content=\"http:\/\/fotoklub-cakovec.hr\/wp\/wp-content\/uploads\/2019\/05\/PLAKAT_PROMOCIJA-724x1024.jpg\" \/>\n<meta name=\"author\" content=\"Davor \u017derjav\" \/>\n<meta name=\"twitter:card\" content=\"summary_large_image\" \/>\n<meta name=\"twitter:label1\" content=\"Napisao\/la\" \/>\n\t<meta name=\"twitter:data1\" content=\"Davor \u017derjav\" \/>\n<script type=\"application\/ld+json\" class=\"yoast-schema-graph\">{\"@context\":\"https:\/\/schema.org\",\"@graph\":[{\"@type\":\"WebPage\",\"@id\":\"https:\/\/fotoklub-cakovec.hr\/wp\/2019\/05\/promocija-knjige-promisljati-fotografski-u-cakovcu\",\"url\":\"https:\/\/fotoklub-cakovec.hr\/wp\/2019\/05\/promocija-knjige-promisljati-fotografski-u-cakovcu\",\"name\":\"Promocija knjige \\\"Promi\u0161ljati fotografski\\\" u \u010cakovcu - Fotoklub \u010cakovec\",\"isPartOf\":{\"@id\":\"https:\/\/fotoklub-cakovec.hr\/wp\/#website\"},\"datePublished\":\"2019-05-12T07:38:12+00:00\",\"dateModified\":\"2019-05-12T07:48:11+00:00\",\"author\":{\"@id\":\"https:\/\/fotoklub-cakovec.hr\/wp\/#\/schema\/person\/6085546602c6f579bef91c3c55c2f767\"},\"breadcrumb\":{\"@id\":\"https:\/\/fotoklub-cakovec.hr\/wp\/2019\/05\/promocija-knjige-promisljati-fotografski-u-cakovcu#breadcrumb\"},\"inLanguage\":\"hr\",\"potentialAction\":[{\"@type\":\"ReadAction\",\"target\":[\"https:\/\/fotoklub-cakovec.hr\/wp\/2019\/05\/promocija-knjige-promisljati-fotografski-u-cakovcu\"]}]},{\"@type\":\"BreadcrumbList\",\"@id\":\"https:\/\/fotoklub-cakovec.hr\/wp\/2019\/05\/promocija-knjige-promisljati-fotografski-u-cakovcu#breadcrumb\",\"itemListElement\":[{\"@type\":\"ListItem\",\"position\":1,\"name\":\"Po\u010detna stranica\",\"item\":\"https:\/\/fotoklub-cakovec.hr\/wp\"},{\"@type\":\"ListItem\",\"position\":2,\"name\":\"Promocija knjige &#8220;Promi\u0161ljati fotografski&#8221; u \u010cakovcu\"}]},{\"@type\":\"WebSite\",\"@id\":\"https:\/\/fotoklub-cakovec.hr\/wp\/#website\",\"url\":\"https:\/\/fotoklub-cakovec.hr\/wp\/\",\"name\":\"Fotoklub \u010cakovec\",\"description\":\"Slu\u017ebene internet stranice fotokluba \u010cakovec\",\"potentialAction\":[{\"@type\":\"SearchAction\",\"target\":{\"@type\":\"EntryPoint\",\"urlTemplate\":\"https:\/\/fotoklub-cakovec.hr\/wp\/?s={search_term_string}\"},\"query-input\":\"required name=search_term_string\"}],\"inLanguage\":\"hr\"},{\"@type\":\"Person\",\"@id\":\"https:\/\/fotoklub-cakovec.hr\/wp\/#\/schema\/person\/6085546602c6f579bef91c3c55c2f767\",\"name\":\"Davor \u017derjav\",\"image\":{\"@type\":\"ImageObject\",\"inLanguage\":\"hr\",\"@id\":\"https:\/\/fotoklub-cakovec.hr\/wp\/#\/schema\/person\/image\/\",\"url\":\"https:\/\/fotoklub-cakovec.hr\/wp\/wp-content\/uploads\/2017\/02\/IMG_9537_kvadrat_1094-96x96.jpg\",\"contentUrl\":\"https:\/\/fotoklub-cakovec.hr\/wp\/wp-content\/uploads\/2017\/02\/IMG_9537_kvadrat_1094-96x96.jpg\",\"caption\":\"Davor \u017derjav\"},\"description\":\"Davor \u017derjav je \u010dlan Fotokluba \u010cakovec od 2009., zaljubljenik u fotografiju, autor knjiga \\\"Promi\u0161ljati fotografski\\\", \\\"K\u00f4d fotografske slike\\\", \\\"LICA\\\" i \\\"Kreativna makrofotografija\\\" te pokreta\u010d Edukativne biblioteke Fotokluba \u010cakovec i biblioteke Fotomonografije Fotokluba \u010cakovec. U klubu u suradnji s kolegom Sini\u0161om Luda\u0161em - Pixinom vodi radionicu Portretna fotografija, s kolegom Davorinom Manceom vodi radionicu Prakti\u010dna reklamna fotografija, i Ljetnu \u0161kolu fotografije za djecu. Bavi se studijskom i portretnom fotografijom. http:\/\/davorzerjav.from.hr\/\",\"sameAs\":[\"http:\/\/www.davorzerjav.from.hr\",\"http:\/\/www.facebook.com\/davor.zerjav\"],\"url\":\"https:\/\/fotoklub-cakovec.hr\/wp\/author\/davorz\"}]}<\/script>\n<!-- \/ Yoast SEO plugin. -->","yoast_head_json":{"title":"Promocija knjige \"Promi\u0161ljati fotografski\" u \u010cakovcu - Fotoklub \u010cakovec","robots":{"index":"index","follow":"follow","max-snippet":"max-snippet:-1","max-image-preview":"max-image-preview:large","max-video-preview":"max-video-preview:-1"},"canonical":"https:\/\/fotoklub-cakovec.hr\/wp\/2019\/05\/promocija-knjige-promisljati-fotografski-u-cakovcu","og_locale":"hr_HR","og_type":"article","og_title":"Promocija knjige \"Promi\u0161ljati fotografski\" u \u010cakovcu - Fotoklub \u010cakovec","og_description":"Pozivamo Vas na promociju 2. izdanja knjige &#8220;Promi\u0161ljati fotografski&#8221; (Davor \u017derjav) koja \u0107e se odr\u017eati u Knji\u017enici &#8220;Nikola Zrinski&#8221; \u010cakovec u utorak 14. svibnja 2019. u 19 sati. Svatko tko sa sobom na promociju dovede jo\u0161 3 osobe (koje nisu \u010dlanovi Fotokluba \u010cakovec), dobit \u0107e na poklon knjigu koju promoviramo. Knjige koje \u0107emo pokloniti osigurao [&hellip;]","og_url":"https:\/\/fotoklub-cakovec.hr\/wp\/2019\/05\/promocija-knjige-promisljati-fotografski-u-cakovcu","og_site_name":"Fotoklub \u010cakovec","article_author":"http:\/\/www.facebook.com\/davor.zerjav","article_published_time":"2019-05-12T07:38:12+00:00","article_modified_time":"2019-05-12T07:48:11+00:00","og_image":[{"url":"http:\/\/fotoklub-cakovec.hr\/wp\/wp-content\/uploads\/2019\/05\/PLAKAT_PROMOCIJA-724x1024.jpg"}],"author":"Davor \u017derjav","twitter_card":"summary_large_image","twitter_misc":{"Napisao\/la":"Davor \u017derjav"},"schema":{"@context":"https:\/\/schema.org","@graph":[{"@type":"WebPage","@id":"https:\/\/fotoklub-cakovec.hr\/wp\/2019\/05\/promocija-knjige-promisljati-fotografski-u-cakovcu","url":"https:\/\/fotoklub-cakovec.hr\/wp\/2019\/05\/promocija-knjige-promisljati-fotografski-u-cakovcu","name":"Promocija knjige \"Promi\u0161ljati fotografski\" u \u010cakovcu - Fotoklub \u010cakovec","isPartOf":{"@id":"https:\/\/fotoklub-cakovec.hr\/wp\/#website"},"datePublished":"2019-05-12T07:38:12+00:00","dateModified":"2019-05-12T07:48:11+00:00","author":{"@id":"https:\/\/fotoklub-cakovec.hr\/wp\/#\/schema\/person\/6085546602c6f579bef91c3c55c2f767"},"breadcrumb":{"@id":"https:\/\/fotoklub-cakovec.hr\/wp\/2019\/05\/promocija-knjige-promisljati-fotografski-u-cakovcu#breadcrumb"},"inLanguage":"hr","potentialAction":[{"@type":"ReadAction","target":["https:\/\/fotoklub-cakovec.hr\/wp\/2019\/05\/promocija-knjige-promisljati-fotografski-u-cakovcu"]}]},{"@type":"BreadcrumbList","@id":"https:\/\/fotoklub-cakovec.hr\/wp\/2019\/05\/promocija-knjige-promisljati-fotografski-u-cakovcu#breadcrumb","itemListElement":[{"@type":"ListItem","position":1,"name":"Po\u010detna stranica","item":"https:\/\/fotoklub-cakovec.hr\/wp"},{"@type":"ListItem","position":2,"name":"Promocija knjige &#8220;Promi\u0161ljati fotografski&#8221; u \u010cakovcu"}]},{"@type":"WebSite","@id":"https:\/\/fotoklub-cakovec.hr\/wp\/#website","url":"https:\/\/fotoklub-cakovec.hr\/wp\/","name":"Fotoklub \u010cakovec","description":"Slu\u017ebene internet stranice fotokluba \u010cakovec","potentialAction":[{"@type":"SearchAction","target":{"@type":"EntryPoint","urlTemplate":"https:\/\/fotoklub-cakovec.hr\/wp\/?s={search_term_string}"},"query-input":"required name=search_term_string"}],"inLanguage":"hr"},{"@type":"Person","@id":"https:\/\/fotoklub-cakovec.hr\/wp\/#\/schema\/person\/6085546602c6f579bef91c3c55c2f767","name":"Davor \u017derjav","image":{"@type":"ImageObject","inLanguage":"hr","@id":"https:\/\/fotoklub-cakovec.hr\/wp\/#\/schema\/person\/image\/","url":"https:\/\/fotoklub-cakovec.hr\/wp\/wp-content\/uploads\/2017\/02\/IMG_9537_kvadrat_1094-96x96.jpg","contentUrl":"https:\/\/fotoklub-cakovec.hr\/wp\/wp-content\/uploads\/2017\/02\/IMG_9537_kvadrat_1094-96x96.jpg","caption":"Davor \u017derjav"},"description":"Davor \u017derjav je \u010dlan Fotokluba \u010cakovec od 2009., zaljubljenik u fotografiju, autor knjiga \"Promi\u0161ljati fotografski\", \"K\u00f4d fotografske slike\", \"LICA\" i \"Kreativna makrofotografija\" te pokreta\u010d Edukativne biblioteke Fotokluba \u010cakovec i biblioteke Fotomonografije Fotokluba \u010cakovec. U klubu u suradnji s kolegom Sini\u0161om Luda\u0161em - Pixinom vodi radionicu Portretna fotografija, s kolegom Davorinom Manceom vodi radionicu Prakti\u010dna reklamna fotografija, i Ljetnu \u0161kolu fotografije za djecu. Bavi se studijskom i portretnom fotografijom. http:\/\/davorzerjav.from.hr\/","sameAs":["http:\/\/www.davorzerjav.from.hr","http:\/\/www.facebook.com\/davor.zerjav"],"url":"https:\/\/fotoklub-cakovec.hr\/wp\/author\/davorz"}]}},"_links":{"self":[{"href":"https:\/\/fotoklub-cakovec.hr\/wp\/wp-json\/wp\/v2\/posts\/7380"}],"collection":[{"href":"https:\/\/fotoklub-cakovec.hr\/wp\/wp-json\/wp\/v2\/posts"}],"about":[{"href":"https:\/\/fotoklub-cakovec.hr\/wp\/wp-json\/wp\/v2\/types\/post"}],"author":[{"embeddable":true,"href":"https:\/\/fotoklub-cakovec.hr\/wp\/wp-json\/wp\/v2\/users\/10"}],"replies":[{"embeddable":true,"href":"https:\/\/fotoklub-cakovec.hr\/wp\/wp-json\/wp\/v2\/comments?post=7380"}],"version-history":[{"count":2,"href":"https:\/\/fotoklub-cakovec.hr\/wp\/wp-json\/wp\/v2\/posts\/7380\/revisions"}],"predecessor-version":[{"id":7383,"href":"https:\/\/fotoklub-cakovec.hr\/wp\/wp-json\/wp\/v2\/posts\/7380\/revisions\/7383"}],"wp:attachment":[{"href":"https:\/\/fotoklub-cakovec.hr\/wp\/wp-json\/wp\/v2\/media?parent=7380"}],"wp:term":[{"taxonomy":"category","embeddable":true,"href":"https:\/\/fotoklub-cakovec.hr\/wp\/wp-json\/wp\/v2\/categories?post=7380"},{"taxonomy":"post_tag","embeddable":true,"href":"https:\/\/fotoklub-cakovec.hr\/wp\/wp-json\/wp\/v2\/tags?post=7380"}],"curies":[{"name":"wp","href":"https:\/\/api.w.org\/{rel}","templated":true}]}}