{"id":7257,"date":"2018-04-17T20:10:25","date_gmt":"2018-04-17T19:10:25","guid":{"rendered":"http:\/\/fotoklub-cakovec.hr\/wp\/?p=7257"},"modified":"2018-04-17T20:10:25","modified_gmt":"2018-04-17T19:10:25","slug":"najava-izlozbe-nives-kocijan-kad-jednom","status":"publish","type":"post","link":"https:\/\/fotoklub-cakovec.hr\/wp\/2018\/04\/najava-izlozbe-nives-kocijan-kad-jednom","title":{"rendered":"Najava izlo\u017ebe Nives Kocijan, &#8220;Kad jednom&#8230;&#8221;"},"content":{"rendered":"<p align=\"JUSTIFY\"><span style=\"font-family: Georgia, serif;\"><span style=\"font-size: medium;\"><i><a href=\"http:\/\/fotoklub-cakovec.hr\/wp\/2018\/04\/najava-izlozbe-nives-kocijan-kad-jednom\/pozivnica-nives-izlozba\" rel=\"attachment wp-att-7258\"><img fetchpriority=\"high\" decoding=\"async\" class=\"aligncenter wp-image-7258 colorbox-7257\" src=\"http:\/\/fotoklub-cakovec.hr\/wp\/wp-content\/uploads\/2018\/04\/Pozivnica-Nives-izlo\u017eba.png\" alt=\"\" width=\"700\" height=\"392\" srcset=\"https:\/\/fotoklub-cakovec.hr\/wp\/wp-content\/uploads\/2018\/04\/Pozivnica-Nives-izlo\u017eba.png 948w, https:\/\/fotoklub-cakovec.hr\/wp\/wp-content\/uploads\/2018\/04\/Pozivnica-Nives-izlo\u017eba-300x168.png 300w, https:\/\/fotoklub-cakovec.hr\/wp\/wp-content\/uploads\/2018\/04\/Pozivnica-Nives-izlo\u017eba-768x430.png 768w, https:\/\/fotoklub-cakovec.hr\/wp\/wp-content\/uploads\/2018\/04\/Pozivnica-Nives-izlo\u017eba-800x448.png 800w, https:\/\/fotoklub-cakovec.hr\/wp\/wp-content\/uploads\/2018\/04\/Pozivnica-Nives-izlo\u017eba-400x224.png 400w\" sizes=\"(max-width: 700px) 100vw, 700px\" \/><\/a><br \/>\nKad jednom\u2026 \u0160to kad jednom&#8230;? Odem, a po\u0107i \u0107u&#8230; Kad doista spozna\u0161 ljubav&#8230; Sjeti\u0161 se\u2026 Vrijeme pro\u0111e\u2026 Vi\u0161e ne\u0107e me biti? <\/i><\/span><\/span><\/p>\n<p align=\"JUSTIFY\"><a name=\"_GoBack\"><\/a> <span style=\"font-family: Georgia, serif;\"><span style=\"font-size: medium;\">Na prvi pogled ne\u0161to nejasno, nedore\u010deno, ne\u0161to \u0161to zaokuplja pa\u017enju. Petnaest izlo\u017eenih crno-bijelih fotografija samo su jedna pri\u010da, simboli\u010dki prikaz kra\u0107eg razdoblja mog \u017eivota i svjedok vremena koje je pro\u0161lo.<\/span><\/span><\/p>\n<p align=\"JUSTIFY\"><span style=\"font-family: Georgia, serif;\"><span style=\"font-size: medium;\">Kad gledam fotografiju, pro\u017eivljavam ono \u0161to prikazuje, bio to susret, sre\u0107a, ljubav, putovanja, o\u010dekivanja, pomaganje, tragovi, la\u017ei, suze, obe\u0107anja, nepovjerenje, godine, bijeg, strah, razo\u010daranje, bolest, ljudi, savjeti, dolasci i odlasci, poruke, pitanja bez odgovora, vjera, dostojanstvo, sje\u0107anja, tra\u017eenje, i\u0161\u010dekivanje\u2026<\/span><\/span><\/p>\n<p align=\"JUSTIFY\"><span style=\"font-family: Georgia, serif;\"><span style=\"font-size: medium;\">Gledatelj \u0107e te\u0161ko na prvu otkriti emocije koje sam zabilje\u017eila. Uspjeti u stvarala\u010dkom \u010dinu zna\u010di uspostaviti komunikaciju izme\u0111u promatra\u010da i autora, stoga sam promatra\u010du \u017eeljela prikazati dio \u017eivota pra\u0107en razo\u010daranjima u \u010dovjeka, u ljude kojima smo vjerovali, pomagali im i voljeli ih. A sve to nije ni\u0161ta neobi\u010dno, nesvakida\u0161nje, osim \u0161to se ba\u0161 vama desi.<\/span><\/span><\/p>\n<p align=\"JUSTIFY\"><span style=\"font-family: Georgia, serif;\"><span style=\"font-size: medium;\"><span lang=\"pl-PL\">Cilj mi je jezikom fotografije i njezinom sposobno\u0161\u0107u da se od obi\u010dne, svakodnevne stvari napravi ne\u0161to zanimljivo, prikazati svima bliske i poznate scene. <\/span><\/span><\/span><span style=\"font-family: Georgia, serif;\"><span style=\"font-size: medium;\">Pri\u010da je ovo o tragovima \u017eivota i osje\u0107ajima. Pri\u010da s kojom \u017eivim&#8230;<\/p>\n<p><strong>O autorici:<\/strong><br \/>\n<em>Nives Kocijan ro\u0111ena je 1974. godine u \u010cakovcu. Radi u Gospodarskoj \u0161koli u \u010cakovcu kao stru\u010dni u\u010ditelj savjetnik u podru\u010dju frizerske struke. Fotografijom se intenzivno po\u010dinje baviti 2010. godine. \u010clanica je Fotokluba \u010cakovec i Fotokluba Rijeka. Do sada je sudjelovala na vi\u0161e od 70 nacionalnih i me\u0111unarodnih skupnih izlo\u017ebi fotografija. Dobitnica je nagrada, pohvala i diploma na doma\u0107im i inozemnim salonima. Fotografije su joj objavljene u \u010dasopisu ReFoto posve\u0107enom kulturi fotografije. Uli\u010dna fotografija, fotografija arhitekture i apstraktna fotografija Nives predstavlja poseban izazov. Ovo joj je druga samostalna izlo\u017eba, a predstavit \u0107e je sama autorica.<\/em><br \/>\n<\/span><\/span><\/p>\n<p align=\"RIGHT\"><span style=\"font-family: Lucida\\ Handwriting, serif;\"><span style=\"font-size: medium;\">\u00a0<\/span><\/span><\/p>\n","protected":false},"excerpt":{"rendered":"<p>Kad jednom\u2026 \u0160to kad jednom&#8230;? Odem, a po\u0107i \u0107u&#8230; Kad doista spozna\u0161 ljubav&#8230; Sjeti\u0161 se\u2026 Vrijeme pro\u0111e\u2026 Vi\u0161e ne\u0107e me biti? Na prvi pogled ne\u0161to nejasno, nedore\u010deno, ne\u0161to \u0161to zaokuplja pa\u017enju. Petnaest izlo\u017eenih crno-bijelih fotografija samo su jedna pri\u010da, simboli\u010dki prikaz kra\u0107eg razdoblja mog \u017eivota i svjedok vremena koje je pro\u0161lo. Kad gledam fotografiju, pro\u017eivljavam [&hellip;]<\/p>\n","protected":false},"author":6,"featured_media":0,"comment_status":"open","ping_status":"closed","sticky":false,"template":"","format":"standard","meta":{"footnotes":""},"categories":[10,11],"tags":[22,910,909,908,224],"yoast_head":"<!-- This site is optimized with the Yoast SEO plugin v22.1 - https:\/\/yoast.com\/wordpress\/plugins\/seo\/ -->\n<title>Najava izlo\u017ebe Nives Kocijan, &quot;Kad jednom...&quot; - Fotoklub \u010cakovec<\/title>\n<meta name=\"robots\" content=\"index, follow, max-snippet:-1, max-image-preview:large, max-video-preview:-1\" \/>\n<link rel=\"canonical\" href=\"https:\/\/fotoklub-cakovec.hr\/wp\/2018\/04\/najava-izlozbe-nives-kocijan-kad-jednom\" \/>\n<meta property=\"og:locale\" content=\"hr_HR\" \/>\n<meta property=\"og:type\" content=\"article\" \/>\n<meta property=\"og:title\" content=\"Najava izlo\u017ebe Nives Kocijan, &quot;Kad jednom...&quot; - Fotoklub \u010cakovec\" \/>\n<meta property=\"og:description\" content=\"Kad jednom\u2026 \u0160to kad jednom&#8230;? Odem, a po\u0107i \u0107u&#8230; Kad doista spozna\u0161 ljubav&#8230; Sjeti\u0161 se\u2026 Vrijeme pro\u0111e\u2026 Vi\u0161e ne\u0107e me biti? Na prvi pogled ne\u0161to nejasno, nedore\u010deno, ne\u0161to \u0161to zaokuplja pa\u017enju. Petnaest izlo\u017eenih crno-bijelih fotografija samo su jedna pri\u010da, simboli\u010dki prikaz kra\u0107eg razdoblja mog \u017eivota i svjedok vremena koje je pro\u0161lo. Kad gledam fotografiju, pro\u017eivljavam [&hellip;]\" \/>\n<meta property=\"og:url\" content=\"https:\/\/fotoklub-cakovec.hr\/wp\/2018\/04\/najava-izlozbe-nives-kocijan-kad-jednom\" \/>\n<meta property=\"og:site_name\" content=\"Fotoklub \u010cakovec\" \/>\n<meta property=\"article:author\" content=\"https:\/\/www.facebook.com\/FilipLucin\" \/>\n<meta property=\"article:published_time\" content=\"2018-04-17T19:10:25+00:00\" \/>\n<meta name=\"author\" content=\"Filip Lu\u010din\" \/>\n<meta name=\"twitter:card\" content=\"summary_large_image\" \/>\n<meta name=\"twitter:label1\" content=\"Napisao\/la\" \/>\n\t<meta name=\"twitter:data1\" content=\"Filip Lu\u010din\" \/>\n\t<meta name=\"twitter:label2\" content=\"Procijenjeno vrijeme \u010ditanja\" \/>\n\t<meta name=\"twitter:data2\" content=\"2 minute\" \/>\n<script type=\"application\/ld+json\" class=\"yoast-schema-graph\">{\"@context\":\"https:\/\/schema.org\",\"@graph\":[{\"@type\":\"WebPage\",\"@id\":\"https:\/\/fotoklub-cakovec.hr\/wp\/2018\/04\/najava-izlozbe-nives-kocijan-kad-jednom\",\"url\":\"https:\/\/fotoklub-cakovec.hr\/wp\/2018\/04\/najava-izlozbe-nives-kocijan-kad-jednom\",\"name\":\"Najava izlo\u017ebe Nives Kocijan, \\\"Kad jednom...\\\" - Fotoklub \u010cakovec\",\"isPartOf\":{\"@id\":\"https:\/\/fotoklub-cakovec.hr\/wp\/#website\"},\"datePublished\":\"2018-04-17T19:10:25+00:00\",\"dateModified\":\"2018-04-17T19:10:25+00:00\",\"author\":{\"@id\":\"https:\/\/fotoklub-cakovec.hr\/wp\/#\/schema\/person\/893483c3bc80659eb679fa6f9560fb2e\"},\"breadcrumb\":{\"@id\":\"https:\/\/fotoklub-cakovec.hr\/wp\/2018\/04\/najava-izlozbe-nives-kocijan-kad-jednom#breadcrumb\"},\"inLanguage\":\"hr\",\"potentialAction\":[{\"@type\":\"ReadAction\",\"target\":[\"https:\/\/fotoklub-cakovec.hr\/wp\/2018\/04\/najava-izlozbe-nives-kocijan-kad-jednom\"]}]},{\"@type\":\"BreadcrumbList\",\"@id\":\"https:\/\/fotoklub-cakovec.hr\/wp\/2018\/04\/najava-izlozbe-nives-kocijan-kad-jednom#breadcrumb\",\"itemListElement\":[{\"@type\":\"ListItem\",\"position\":1,\"name\":\"Po\u010detna stranica\",\"item\":\"https:\/\/fotoklub-cakovec.hr\/wp\"},{\"@type\":\"ListItem\",\"position\":2,\"name\":\"Najava izlo\u017ebe Nives Kocijan, &#8220;Kad jednom&#8230;&#8221;\"}]},{\"@type\":\"WebSite\",\"@id\":\"https:\/\/fotoklub-cakovec.hr\/wp\/#website\",\"url\":\"https:\/\/fotoklub-cakovec.hr\/wp\/\",\"name\":\"Fotoklub \u010cakovec\",\"description\":\"Slu\u017ebene internet stranice fotokluba \u010cakovec\",\"potentialAction\":[{\"@type\":\"SearchAction\",\"target\":{\"@type\":\"EntryPoint\",\"urlTemplate\":\"https:\/\/fotoklub-cakovec.hr\/wp\/?s={search_term_string}\"},\"query-input\":\"required name=search_term_string\"}],\"inLanguage\":\"hr\"},{\"@type\":\"Person\",\"@id\":\"https:\/\/fotoklub-cakovec.hr\/wp\/#\/schema\/person\/893483c3bc80659eb679fa6f9560fb2e\",\"name\":\"Filip Lu\u010din\",\"image\":{\"@type\":\"ImageObject\",\"inLanguage\":\"hr\",\"@id\":\"https:\/\/fotoklub-cakovec.hr\/wp\/#\/schema\/person\/image\/\",\"url\":\"https:\/\/fotoklub-cakovec.hr\/wp\/wp-content\/uploads\/2013\/05\/LICA_2013_07_10_soho_Lucin_Filip_1979-web-150x150.jpg\",\"contentUrl\":\"https:\/\/fotoklub-cakovec.hr\/wp\/wp-content\/uploads\/2013\/05\/LICA_2013_07_10_soho_Lucin_Filip_1979-web-150x150.jpg\",\"caption\":\"Filip Lu\u010din\"},\"description\":\"Fotografijom se aktivno bavim od 2007. g. Pejza\u017ena fotografija mi je strast i zadovoljstvo, a usto volim dijeliti znanje koje stje\u010dem na terenu, prate\u0107i literaturu i druge fotografe. \u010clan sam fotokluba od samih po\u010detaka. Tajnik kluba od 2009. Tako\u0111er sam jedan od predava\u010da na radionicama Osnova digitalne fotografije, te na pejza\u017enim radionicama. Do sad sam sudjelovao u vi\u0161e skupnih izlo\u017eaba te sam imao samostalnu izlo\u017ebu \\\"\u010cetiri godi\u0161nja doba\\\" u Gimnaziji \u010cakovec. \u010clan uredni\u0161tva u knjigama u izdanju fotokluba.\",\"sameAs\":[\"http:\/\/filiplucin.from.hr\",\"https:\/\/www.facebook.com\/FilipLucin\"],\"url\":\"https:\/\/fotoklub-cakovec.hr\/wp\/author\/filiplucin\"}]}<\/script>\n<!-- \/ Yoast SEO plugin. -->","yoast_head_json":{"title":"Najava izlo\u017ebe Nives Kocijan, \"Kad jednom...\" - Fotoklub \u010cakovec","robots":{"index":"index","follow":"follow","max-snippet":"max-snippet:-1","max-image-preview":"max-image-preview:large","max-video-preview":"max-video-preview:-1"},"canonical":"https:\/\/fotoklub-cakovec.hr\/wp\/2018\/04\/najava-izlozbe-nives-kocijan-kad-jednom","og_locale":"hr_HR","og_type":"article","og_title":"Najava izlo\u017ebe Nives Kocijan, \"Kad jednom...\" - Fotoklub \u010cakovec","og_description":"Kad jednom\u2026 \u0160to kad jednom&#8230;? Odem, a po\u0107i \u0107u&#8230; Kad doista spozna\u0161 ljubav&#8230; Sjeti\u0161 se\u2026 Vrijeme pro\u0111e\u2026 Vi\u0161e ne\u0107e me biti? Na prvi pogled ne\u0161to nejasno, nedore\u010deno, ne\u0161to \u0161to zaokuplja pa\u017enju. Petnaest izlo\u017eenih crno-bijelih fotografija samo su jedna pri\u010da, simboli\u010dki prikaz kra\u0107eg razdoblja mog \u017eivota i svjedok vremena koje je pro\u0161lo. Kad gledam fotografiju, pro\u017eivljavam [&hellip;]","og_url":"https:\/\/fotoklub-cakovec.hr\/wp\/2018\/04\/najava-izlozbe-nives-kocijan-kad-jednom","og_site_name":"Fotoklub \u010cakovec","article_author":"https:\/\/www.facebook.com\/FilipLucin","article_published_time":"2018-04-17T19:10:25+00:00","author":"Filip Lu\u010din","twitter_card":"summary_large_image","twitter_misc":{"Napisao\/la":"Filip Lu\u010din","Procijenjeno vrijeme \u010ditanja":"2 minute"},"schema":{"@context":"https:\/\/schema.org","@graph":[{"@type":"WebPage","@id":"https:\/\/fotoklub-cakovec.hr\/wp\/2018\/04\/najava-izlozbe-nives-kocijan-kad-jednom","url":"https:\/\/fotoklub-cakovec.hr\/wp\/2018\/04\/najava-izlozbe-nives-kocijan-kad-jednom","name":"Najava izlo\u017ebe Nives Kocijan, \"Kad jednom...\" - Fotoklub \u010cakovec","isPartOf":{"@id":"https:\/\/fotoklub-cakovec.hr\/wp\/#website"},"datePublished":"2018-04-17T19:10:25+00:00","dateModified":"2018-04-17T19:10:25+00:00","author":{"@id":"https:\/\/fotoklub-cakovec.hr\/wp\/#\/schema\/person\/893483c3bc80659eb679fa6f9560fb2e"},"breadcrumb":{"@id":"https:\/\/fotoklub-cakovec.hr\/wp\/2018\/04\/najava-izlozbe-nives-kocijan-kad-jednom#breadcrumb"},"inLanguage":"hr","potentialAction":[{"@type":"ReadAction","target":["https:\/\/fotoklub-cakovec.hr\/wp\/2018\/04\/najava-izlozbe-nives-kocijan-kad-jednom"]}]},{"@type":"BreadcrumbList","@id":"https:\/\/fotoklub-cakovec.hr\/wp\/2018\/04\/najava-izlozbe-nives-kocijan-kad-jednom#breadcrumb","itemListElement":[{"@type":"ListItem","position":1,"name":"Po\u010detna stranica","item":"https:\/\/fotoklub-cakovec.hr\/wp"},{"@type":"ListItem","position":2,"name":"Najava izlo\u017ebe Nives Kocijan, &#8220;Kad jednom&#8230;&#8221;"}]},{"@type":"WebSite","@id":"https:\/\/fotoklub-cakovec.hr\/wp\/#website","url":"https:\/\/fotoklub-cakovec.hr\/wp\/","name":"Fotoklub \u010cakovec","description":"Slu\u017ebene internet stranice fotokluba \u010cakovec","potentialAction":[{"@type":"SearchAction","target":{"@type":"EntryPoint","urlTemplate":"https:\/\/fotoklub-cakovec.hr\/wp\/?s={search_term_string}"},"query-input":"required name=search_term_string"}],"inLanguage":"hr"},{"@type":"Person","@id":"https:\/\/fotoklub-cakovec.hr\/wp\/#\/schema\/person\/893483c3bc80659eb679fa6f9560fb2e","name":"Filip Lu\u010din","image":{"@type":"ImageObject","inLanguage":"hr","@id":"https:\/\/fotoklub-cakovec.hr\/wp\/#\/schema\/person\/image\/","url":"https:\/\/fotoklub-cakovec.hr\/wp\/wp-content\/uploads\/2013\/05\/LICA_2013_07_10_soho_Lucin_Filip_1979-web-150x150.jpg","contentUrl":"https:\/\/fotoklub-cakovec.hr\/wp\/wp-content\/uploads\/2013\/05\/LICA_2013_07_10_soho_Lucin_Filip_1979-web-150x150.jpg","caption":"Filip Lu\u010din"},"description":"Fotografijom se aktivno bavim od 2007. g. Pejza\u017ena fotografija mi je strast i zadovoljstvo, a usto volim dijeliti znanje koje stje\u010dem na terenu, prate\u0107i literaturu i druge fotografe. \u010clan sam fotokluba od samih po\u010detaka. Tajnik kluba od 2009. Tako\u0111er sam jedan od predava\u010da na radionicama Osnova digitalne fotografije, te na pejza\u017enim radionicama. Do sad sam sudjelovao u vi\u0161e skupnih izlo\u017eaba te sam imao samostalnu izlo\u017ebu \"\u010cetiri godi\u0161nja doba\" u Gimnaziji \u010cakovec. \u010clan uredni\u0161tva u knjigama u izdanju fotokluba.","sameAs":["http:\/\/filiplucin.from.hr","https:\/\/www.facebook.com\/FilipLucin"],"url":"https:\/\/fotoklub-cakovec.hr\/wp\/author\/filiplucin"}]}},"_links":{"self":[{"href":"https:\/\/fotoklub-cakovec.hr\/wp\/wp-json\/wp\/v2\/posts\/7257"}],"collection":[{"href":"https:\/\/fotoklub-cakovec.hr\/wp\/wp-json\/wp\/v2\/posts"}],"about":[{"href":"https:\/\/fotoklub-cakovec.hr\/wp\/wp-json\/wp\/v2\/types\/post"}],"author":[{"embeddable":true,"href":"https:\/\/fotoklub-cakovec.hr\/wp\/wp-json\/wp\/v2\/users\/6"}],"replies":[{"embeddable":true,"href":"https:\/\/fotoklub-cakovec.hr\/wp\/wp-json\/wp\/v2\/comments?post=7257"}],"version-history":[{"count":2,"href":"https:\/\/fotoklub-cakovec.hr\/wp\/wp-json\/wp\/v2\/posts\/7257\/revisions"}],"predecessor-version":[{"id":7260,"href":"https:\/\/fotoklub-cakovec.hr\/wp\/wp-json\/wp\/v2\/posts\/7257\/revisions\/7260"}],"wp:attachment":[{"href":"https:\/\/fotoklub-cakovec.hr\/wp\/wp-json\/wp\/v2\/media?parent=7257"}],"wp:term":[{"taxonomy":"category","embeddable":true,"href":"https:\/\/fotoklub-cakovec.hr\/wp\/wp-json\/wp\/v2\/categories?post=7257"},{"taxonomy":"post_tag","embeddable":true,"href":"https:\/\/fotoklub-cakovec.hr\/wp\/wp-json\/wp\/v2\/tags?post=7257"}],"curies":[{"name":"wp","href":"https:\/\/api.w.org\/{rel}","templated":true}]}}