{"id":6933,"date":"2017-06-18T09:46:32","date_gmt":"2017-06-18T08:46:32","guid":{"rendered":"http:\/\/fotoklub-cakovec.hr\/wp\/?p=6933"},"modified":"2017-06-18T09:46:32","modified_gmt":"2017-06-18T08:46:32","slug":"hommage-au-surrealisme-u-lendavi","status":"publish","type":"post","link":"https:\/\/fotoklub-cakovec.hr\/wp\/2017\/06\/hommage-au-surrealisme-u-lendavi","title":{"rendered":"Hommage au Surr\u00e9alisme u Lendavi"},"content":{"rendered":"<p><a href=\"http:\/\/fotoklub-cakovec.hr\/wp\/wp-content\/uploads\/2017\/06\/IMG_8465.jpg\"><img fetchpriority=\"high\" decoding=\"async\" class=\"aligncenter size-full wp-image-6934 colorbox-6933\" src=\"http:\/\/fotoklub-cakovec.hr\/wp\/wp-content\/uploads\/2017\/06\/IMG_8465.jpg\" alt=\"\" width=\"1000\" height=\"667\" srcset=\"https:\/\/fotoklub-cakovec.hr\/wp\/wp-content\/uploads\/2017\/06\/IMG_8465.jpg 1000w, https:\/\/fotoklub-cakovec.hr\/wp\/wp-content\/uploads\/2017\/06\/IMG_8465-300x200.jpg 300w, https:\/\/fotoklub-cakovec.hr\/wp\/wp-content\/uploads\/2017\/06\/IMG_8465-768x512.jpg 768w, https:\/\/fotoklub-cakovec.hr\/wp\/wp-content\/uploads\/2017\/06\/IMG_8465-735x490.jpg 735w, https:\/\/fotoklub-cakovec.hr\/wp\/wp-content\/uploads\/2017\/06\/IMG_8465-367x245.jpg 367w\" sizes=\"(max-width: 1000px) 100vw, 1000px\" \/><\/a><\/p>\n<p>\u010cetiri \u010dlana Fotokluba \u010cakovec sudjeluju na me\u0111unarodnoj izlo\u017ebi\u00a0<em>Hommage au Surr\u00e9alisme<\/em> koja je otvorena od 18. lipnja do 31. listopada 2017. u Galeriji muzeja staroga grada u Lendavi (Slovenija). Radi se o Mariju Bla\u017eevi\u0107u, Filipu Lu\u010dinu, Nikoli Hr\u017eenjaku i Vedranu Vugrincu koji su se predstavili svojim osobnim vizualnim do\u017eivljajem nadrealizma u umjetnosti.<\/p>\n<p>Fotografska izlo\u017eba posve\u0107ena je za\u010dudnoj vizualnosti i neobi\u010dnim tematikama koje je nadrealizam kao pravac u umjetnosti iznjedrio, a povod je velika izlo\u017eba Salvadora Dal\u00edja koja se u istome terminu kao i fotografska izlo\u017eba odr\u017eava u gornjim katovima dvorca.<\/p>\n<p>Izlo\u017ebu u kojoj su sudjelovali fotografi iz \u010detiri zemlje (Austrije, Hrvatske, Ma\u0111arske i Slovenije) otvorio je povjesni\u010dar umjetnosti Atilla Pisnjak, autor predgovora izlo\u017ebi i uz Janosa Eiferta i Dubravka Baumgartnera \u010dlan prosudbene komisije koja je od 250 pristiglih radova odabrala njih 50. U umjetni\u010dkome programu sudjelovao je gitarist Du\u0161an Stojanovi\u0107.<\/p>\n<p>U nastavku pogledajte nekoliko dokumentarnih fotografija s doga\u0111aja.<\/p>\n<p><!--more--><\/p>\n<p><a href=\"http:\/\/fotoklub-cakovec.hr\/wp\/wp-content\/uploads\/2017\/06\/IMG_8463.jpg\"><img decoding=\"async\" class=\"aligncenter size-full wp-image-6935 colorbox-6933\" src=\"http:\/\/fotoklub-cakovec.hr\/wp\/wp-content\/uploads\/2017\/06\/IMG_8463.jpg\" alt=\"\" width=\"1000\" height=\"667\" srcset=\"https:\/\/fotoklub-cakovec.hr\/wp\/wp-content\/uploads\/2017\/06\/IMG_8463.jpg 1000w, https:\/\/fotoklub-cakovec.hr\/wp\/wp-content\/uploads\/2017\/06\/IMG_8463-300x200.jpg 300w, https:\/\/fotoklub-cakovec.hr\/wp\/wp-content\/uploads\/2017\/06\/IMG_8463-768x512.jpg 768w, https:\/\/fotoklub-cakovec.hr\/wp\/wp-content\/uploads\/2017\/06\/IMG_8463-735x490.jpg 735w, https:\/\/fotoklub-cakovec.hr\/wp\/wp-content\/uploads\/2017\/06\/IMG_8463-367x245.jpg 367w\" sizes=\"(max-width: 1000px) 100vw, 1000px\" \/><\/a><\/p>\n<p><a href=\"http:\/\/fotoklub-cakovec.hr\/wp\/wp-content\/uploads\/2017\/06\/IMG_8466.jpg\"><img decoding=\"async\" class=\"aligncenter size-full wp-image-6936 colorbox-6933\" src=\"http:\/\/fotoklub-cakovec.hr\/wp\/wp-content\/uploads\/2017\/06\/IMG_8466.jpg\" alt=\"\" width=\"1000\" height=\"667\" srcset=\"https:\/\/fotoklub-cakovec.hr\/wp\/wp-content\/uploads\/2017\/06\/IMG_8466.jpg 1000w, https:\/\/fotoklub-cakovec.hr\/wp\/wp-content\/uploads\/2017\/06\/IMG_8466-300x200.jpg 300w, https:\/\/fotoklub-cakovec.hr\/wp\/wp-content\/uploads\/2017\/06\/IMG_8466-768x512.jpg 768w, https:\/\/fotoklub-cakovec.hr\/wp\/wp-content\/uploads\/2017\/06\/IMG_8466-735x490.jpg 735w, https:\/\/fotoklub-cakovec.hr\/wp\/wp-content\/uploads\/2017\/06\/IMG_8466-367x245.jpg 367w\" sizes=\"(max-width: 1000px) 100vw, 1000px\" \/><\/a><\/p>\n<p><a href=\"http:\/\/fotoklub-cakovec.hr\/wp\/wp-content\/uploads\/2017\/06\/IMG_8471.jpg\"><img loading=\"lazy\" decoding=\"async\" class=\"aligncenter size-full wp-image-6937 colorbox-6933\" src=\"http:\/\/fotoklub-cakovec.hr\/wp\/wp-content\/uploads\/2017\/06\/IMG_8471.jpg\" alt=\"\" width=\"1000\" height=\"667\" srcset=\"https:\/\/fotoklub-cakovec.hr\/wp\/wp-content\/uploads\/2017\/06\/IMG_8471.jpg 1000w, https:\/\/fotoklub-cakovec.hr\/wp\/wp-content\/uploads\/2017\/06\/IMG_8471-300x200.jpg 300w, https:\/\/fotoklub-cakovec.hr\/wp\/wp-content\/uploads\/2017\/06\/IMG_8471-768x512.jpg 768w, https:\/\/fotoklub-cakovec.hr\/wp\/wp-content\/uploads\/2017\/06\/IMG_8471-735x490.jpg 735w, https:\/\/fotoklub-cakovec.hr\/wp\/wp-content\/uploads\/2017\/06\/IMG_8471-367x245.jpg 367w\" sizes=\"(max-width: 1000px) 100vw, 1000px\" \/><\/a><\/p>\n<p><a href=\"http:\/\/fotoklub-cakovec.hr\/wp\/wp-content\/uploads\/2017\/06\/IMG_8473.jpg\"><img loading=\"lazy\" decoding=\"async\" class=\"aligncenter size-full wp-image-6938 colorbox-6933\" src=\"http:\/\/fotoklub-cakovec.hr\/wp\/wp-content\/uploads\/2017\/06\/IMG_8473.jpg\" alt=\"\" width=\"1000\" height=\"667\" srcset=\"https:\/\/fotoklub-cakovec.hr\/wp\/wp-content\/uploads\/2017\/06\/IMG_8473.jpg 1000w, https:\/\/fotoklub-cakovec.hr\/wp\/wp-content\/uploads\/2017\/06\/IMG_8473-300x200.jpg 300w, https:\/\/fotoklub-cakovec.hr\/wp\/wp-content\/uploads\/2017\/06\/IMG_8473-768x512.jpg 768w, https:\/\/fotoklub-cakovec.hr\/wp\/wp-content\/uploads\/2017\/06\/IMG_8473-735x490.jpg 735w, https:\/\/fotoklub-cakovec.hr\/wp\/wp-content\/uploads\/2017\/06\/IMG_8473-367x245.jpg 367w\" sizes=\"(max-width: 1000px) 100vw, 1000px\" \/><\/a><\/p>\n<p><a href=\"http:\/\/fotoklub-cakovec.hr\/wp\/wp-content\/uploads\/2017\/06\/IMG_8490.jpg\"><img loading=\"lazy\" decoding=\"async\" class=\"aligncenter size-full wp-image-6939 colorbox-6933\" src=\"http:\/\/fotoklub-cakovec.hr\/wp\/wp-content\/uploads\/2017\/06\/IMG_8490.jpg\" alt=\"\" width=\"1000\" height=\"667\" srcset=\"https:\/\/fotoklub-cakovec.hr\/wp\/wp-content\/uploads\/2017\/06\/IMG_8490.jpg 1000w, https:\/\/fotoklub-cakovec.hr\/wp\/wp-content\/uploads\/2017\/06\/IMG_8490-300x200.jpg 300w, https:\/\/fotoklub-cakovec.hr\/wp\/wp-content\/uploads\/2017\/06\/IMG_8490-768x512.jpg 768w, https:\/\/fotoklub-cakovec.hr\/wp\/wp-content\/uploads\/2017\/06\/IMG_8490-735x490.jpg 735w, https:\/\/fotoklub-cakovec.hr\/wp\/wp-content\/uploads\/2017\/06\/IMG_8490-367x245.jpg 367w\" sizes=\"(max-width: 1000px) 100vw, 1000px\" \/><\/a><\/p>\n<p><a href=\"http:\/\/fotoklub-cakovec.hr\/wp\/wp-content\/uploads\/2017\/06\/IMG_8493.jpg\"><img loading=\"lazy\" decoding=\"async\" class=\"aligncenter size-full wp-image-6940 colorbox-6933\" src=\"http:\/\/fotoklub-cakovec.hr\/wp\/wp-content\/uploads\/2017\/06\/IMG_8493.jpg\" alt=\"\" width=\"1000\" height=\"667\" srcset=\"https:\/\/fotoklub-cakovec.hr\/wp\/wp-content\/uploads\/2017\/06\/IMG_8493.jpg 1000w, https:\/\/fotoklub-cakovec.hr\/wp\/wp-content\/uploads\/2017\/06\/IMG_8493-300x200.jpg 300w, https:\/\/fotoklub-cakovec.hr\/wp\/wp-content\/uploads\/2017\/06\/IMG_8493-768x512.jpg 768w, https:\/\/fotoklub-cakovec.hr\/wp\/wp-content\/uploads\/2017\/06\/IMG_8493-735x490.jpg 735w, https:\/\/fotoklub-cakovec.hr\/wp\/wp-content\/uploads\/2017\/06\/IMG_8493-367x245.jpg 367w\" sizes=\"(max-width: 1000px) 100vw, 1000px\" \/><\/a><\/p>\n","protected":false},"excerpt":{"rendered":"<p>\u010cetiri \u010dlana Fotokluba \u010cakovec sudjeluju na me\u0111unarodnoj izlo\u017ebi\u00a0Hommage au Surr\u00e9alisme koja je otvorena od 18. lipnja do 31. listopada 2017. u Galeriji muzeja staroga grada u Lendavi (Slovenija). Radi se o Mariju Bla\u017eevi\u0107u, Filipu Lu\u010dinu, Nikoli Hr\u017eenjaku i Vedranu Vugrincu koji su se predstavili svojim osobnim vizualnim do\u017eivljajem nadrealizma u umjetnosti. Fotografska izlo\u017eba posve\u0107ena je [&hellip;]<\/p>\n","protected":false},"author":10,"featured_media":0,"comment_status":"open","ping_status":"closed","sticky":false,"template":"","format":"standard","meta":{"footnotes":""},"categories":[10,33,1,11],"tags":[59,223,22,32,73,860,543,861,862],"yoast_head":"<!-- This site is optimized with the Yoast SEO plugin v22.1 - https:\/\/yoast.com\/wordpress\/plugins\/seo\/ -->\n<title>Hommage au Surr\u00e9alisme u Lendavi - Fotoklub \u010cakovec<\/title>\n<meta name=\"robots\" content=\"index, follow, max-snippet:-1, max-image-preview:large, max-video-preview:-1\" \/>\n<link rel=\"canonical\" href=\"https:\/\/fotoklub-cakovec.hr\/wp\/2017\/06\/hommage-au-surrealisme-u-lendavi\" \/>\n<meta property=\"og:locale\" content=\"hr_HR\" \/>\n<meta property=\"og:type\" content=\"article\" \/>\n<meta property=\"og:title\" content=\"Hommage au Surr\u00e9alisme u Lendavi - Fotoklub \u010cakovec\" \/>\n<meta property=\"og:description\" content=\"\u010cetiri \u010dlana Fotokluba \u010cakovec sudjeluju na me\u0111unarodnoj izlo\u017ebi\u00a0Hommage au Surr\u00e9alisme koja je otvorena od 18. lipnja do 31. listopada 2017. u Galeriji muzeja staroga grada u Lendavi (Slovenija). Radi se o Mariju Bla\u017eevi\u0107u, Filipu Lu\u010dinu, Nikoli Hr\u017eenjaku i Vedranu Vugrincu koji su se predstavili svojim osobnim vizualnim do\u017eivljajem nadrealizma u umjetnosti. Fotografska izlo\u017eba posve\u0107ena je [&hellip;]\" \/>\n<meta property=\"og:url\" content=\"https:\/\/fotoklub-cakovec.hr\/wp\/2017\/06\/hommage-au-surrealisme-u-lendavi\" \/>\n<meta property=\"og:site_name\" content=\"Fotoklub \u010cakovec\" \/>\n<meta property=\"article:author\" content=\"http:\/\/www.facebook.com\/davor.zerjav\" \/>\n<meta property=\"article:published_time\" content=\"2017-06-18T08:46:32+00:00\" \/>\n<meta property=\"og:image\" content=\"http:\/\/fotoklub-cakovec.hr\/wp\/wp-content\/uploads\/2017\/06\/IMG_8465.jpg\" \/>\n<meta name=\"author\" content=\"Davor \u017derjav\" \/>\n<meta name=\"twitter:card\" content=\"summary_large_image\" \/>\n<meta name=\"twitter:label1\" content=\"Napisao\/la\" \/>\n\t<meta name=\"twitter:data1\" content=\"Davor \u017derjav\" \/>\n\t<meta name=\"twitter:label2\" content=\"Procijenjeno vrijeme \u010ditanja\" \/>\n\t<meta name=\"twitter:data2\" content=\"1 minuta\" \/>\n<script type=\"application\/ld+json\" class=\"yoast-schema-graph\">{\"@context\":\"https:\/\/schema.org\",\"@graph\":[{\"@type\":\"WebPage\",\"@id\":\"https:\/\/fotoklub-cakovec.hr\/wp\/2017\/06\/hommage-au-surrealisme-u-lendavi\",\"url\":\"https:\/\/fotoklub-cakovec.hr\/wp\/2017\/06\/hommage-au-surrealisme-u-lendavi\",\"name\":\"Hommage au Surr\u00e9alisme u Lendavi - Fotoklub \u010cakovec\",\"isPartOf\":{\"@id\":\"https:\/\/fotoklub-cakovec.hr\/wp\/#website\"},\"datePublished\":\"2017-06-18T08:46:32+00:00\",\"dateModified\":\"2017-06-18T08:46:32+00:00\",\"author\":{\"@id\":\"https:\/\/fotoklub-cakovec.hr\/wp\/#\/schema\/person\/6085546602c6f579bef91c3c55c2f767\"},\"breadcrumb\":{\"@id\":\"https:\/\/fotoklub-cakovec.hr\/wp\/2017\/06\/hommage-au-surrealisme-u-lendavi#breadcrumb\"},\"inLanguage\":\"hr\",\"potentialAction\":[{\"@type\":\"ReadAction\",\"target\":[\"https:\/\/fotoklub-cakovec.hr\/wp\/2017\/06\/hommage-au-surrealisme-u-lendavi\"]}]},{\"@type\":\"BreadcrumbList\",\"@id\":\"https:\/\/fotoklub-cakovec.hr\/wp\/2017\/06\/hommage-au-surrealisme-u-lendavi#breadcrumb\",\"itemListElement\":[{\"@type\":\"ListItem\",\"position\":1,\"name\":\"Po\u010detna stranica\",\"item\":\"https:\/\/fotoklub-cakovec.hr\/wp\"},{\"@type\":\"ListItem\",\"position\":2,\"name\":\"Hommage au Surr\u00e9alisme u Lendavi\"}]},{\"@type\":\"WebSite\",\"@id\":\"https:\/\/fotoklub-cakovec.hr\/wp\/#website\",\"url\":\"https:\/\/fotoklub-cakovec.hr\/wp\/\",\"name\":\"Fotoklub \u010cakovec\",\"description\":\"Slu\u017ebene internet stranice fotokluba \u010cakovec\",\"potentialAction\":[{\"@type\":\"SearchAction\",\"target\":{\"@type\":\"EntryPoint\",\"urlTemplate\":\"https:\/\/fotoklub-cakovec.hr\/wp\/?s={search_term_string}\"},\"query-input\":\"required name=search_term_string\"}],\"inLanguage\":\"hr\"},{\"@type\":\"Person\",\"@id\":\"https:\/\/fotoklub-cakovec.hr\/wp\/#\/schema\/person\/6085546602c6f579bef91c3c55c2f767\",\"name\":\"Davor \u017derjav\",\"image\":{\"@type\":\"ImageObject\",\"inLanguage\":\"hr\",\"@id\":\"https:\/\/fotoklub-cakovec.hr\/wp\/#\/schema\/person\/image\/\",\"url\":\"https:\/\/fotoklub-cakovec.hr\/wp\/wp-content\/uploads\/2017\/02\/IMG_9537_kvadrat_1094-96x96.jpg\",\"contentUrl\":\"https:\/\/fotoklub-cakovec.hr\/wp\/wp-content\/uploads\/2017\/02\/IMG_9537_kvadrat_1094-96x96.jpg\",\"caption\":\"Davor \u017derjav\"},\"description\":\"Davor \u017derjav je \u010dlan Fotokluba \u010cakovec od 2009., zaljubljenik u fotografiju, autor knjiga \\\"Promi\u0161ljati fotografski\\\", \\\"K\u00f4d fotografske slike\\\", \\\"LICA\\\" i \\\"Kreativna makrofotografija\\\" te pokreta\u010d Edukativne biblioteke Fotokluba \u010cakovec i biblioteke Fotomonografije Fotokluba \u010cakovec. U klubu u suradnji s kolegom Sini\u0161om Luda\u0161em - Pixinom vodi radionicu Portretna fotografija, s kolegom Davorinom Manceom vodi radionicu Prakti\u010dna reklamna fotografija, i Ljetnu \u0161kolu fotografije za djecu. Bavi se studijskom i portretnom fotografijom. http:\/\/davorzerjav.from.hr\/\",\"sameAs\":[\"http:\/\/www.davorzerjav.from.hr\",\"http:\/\/www.facebook.com\/davor.zerjav\"],\"url\":\"https:\/\/fotoklub-cakovec.hr\/wp\/author\/davorz\"}]}<\/script>\n<!-- \/ Yoast SEO plugin. -->","yoast_head_json":{"title":"Hommage au Surr\u00e9alisme u Lendavi - Fotoklub \u010cakovec","robots":{"index":"index","follow":"follow","max-snippet":"max-snippet:-1","max-image-preview":"max-image-preview:large","max-video-preview":"max-video-preview:-1"},"canonical":"https:\/\/fotoklub-cakovec.hr\/wp\/2017\/06\/hommage-au-surrealisme-u-lendavi","og_locale":"hr_HR","og_type":"article","og_title":"Hommage au Surr\u00e9alisme u Lendavi - Fotoklub \u010cakovec","og_description":"\u010cetiri \u010dlana Fotokluba \u010cakovec sudjeluju na me\u0111unarodnoj izlo\u017ebi\u00a0Hommage au Surr\u00e9alisme koja je otvorena od 18. lipnja do 31. listopada 2017. u Galeriji muzeja staroga grada u Lendavi (Slovenija). Radi se o Mariju Bla\u017eevi\u0107u, Filipu Lu\u010dinu, Nikoli Hr\u017eenjaku i Vedranu Vugrincu koji su se predstavili svojim osobnim vizualnim do\u017eivljajem nadrealizma u umjetnosti. Fotografska izlo\u017eba posve\u0107ena je [&hellip;]","og_url":"https:\/\/fotoklub-cakovec.hr\/wp\/2017\/06\/hommage-au-surrealisme-u-lendavi","og_site_name":"Fotoklub \u010cakovec","article_author":"http:\/\/www.facebook.com\/davor.zerjav","article_published_time":"2017-06-18T08:46:32+00:00","og_image":[{"url":"http:\/\/fotoklub-cakovec.hr\/wp\/wp-content\/uploads\/2017\/06\/IMG_8465.jpg"}],"author":"Davor \u017derjav","twitter_card":"summary_large_image","twitter_misc":{"Napisao\/la":"Davor \u017derjav","Procijenjeno vrijeme \u010ditanja":"1 minuta"},"schema":{"@context":"https:\/\/schema.org","@graph":[{"@type":"WebPage","@id":"https:\/\/fotoklub-cakovec.hr\/wp\/2017\/06\/hommage-au-surrealisme-u-lendavi","url":"https:\/\/fotoklub-cakovec.hr\/wp\/2017\/06\/hommage-au-surrealisme-u-lendavi","name":"Hommage au Surr\u00e9alisme u Lendavi - Fotoklub \u010cakovec","isPartOf":{"@id":"https:\/\/fotoklub-cakovec.hr\/wp\/#website"},"datePublished":"2017-06-18T08:46:32+00:00","dateModified":"2017-06-18T08:46:32+00:00","author":{"@id":"https:\/\/fotoklub-cakovec.hr\/wp\/#\/schema\/person\/6085546602c6f579bef91c3c55c2f767"},"breadcrumb":{"@id":"https:\/\/fotoklub-cakovec.hr\/wp\/2017\/06\/hommage-au-surrealisme-u-lendavi#breadcrumb"},"inLanguage":"hr","potentialAction":[{"@type":"ReadAction","target":["https:\/\/fotoklub-cakovec.hr\/wp\/2017\/06\/hommage-au-surrealisme-u-lendavi"]}]},{"@type":"BreadcrumbList","@id":"https:\/\/fotoklub-cakovec.hr\/wp\/2017\/06\/hommage-au-surrealisme-u-lendavi#breadcrumb","itemListElement":[{"@type":"ListItem","position":1,"name":"Po\u010detna stranica","item":"https:\/\/fotoklub-cakovec.hr\/wp"},{"@type":"ListItem","position":2,"name":"Hommage au Surr\u00e9alisme u Lendavi"}]},{"@type":"WebSite","@id":"https:\/\/fotoklub-cakovec.hr\/wp\/#website","url":"https:\/\/fotoklub-cakovec.hr\/wp\/","name":"Fotoklub \u010cakovec","description":"Slu\u017ebene internet stranice fotokluba \u010cakovec","potentialAction":[{"@type":"SearchAction","target":{"@type":"EntryPoint","urlTemplate":"https:\/\/fotoklub-cakovec.hr\/wp\/?s={search_term_string}"},"query-input":"required name=search_term_string"}],"inLanguage":"hr"},{"@type":"Person","@id":"https:\/\/fotoklub-cakovec.hr\/wp\/#\/schema\/person\/6085546602c6f579bef91c3c55c2f767","name":"Davor \u017derjav","image":{"@type":"ImageObject","inLanguage":"hr","@id":"https:\/\/fotoklub-cakovec.hr\/wp\/#\/schema\/person\/image\/","url":"https:\/\/fotoklub-cakovec.hr\/wp\/wp-content\/uploads\/2017\/02\/IMG_9537_kvadrat_1094-96x96.jpg","contentUrl":"https:\/\/fotoklub-cakovec.hr\/wp\/wp-content\/uploads\/2017\/02\/IMG_9537_kvadrat_1094-96x96.jpg","caption":"Davor \u017derjav"},"description":"Davor \u017derjav je \u010dlan Fotokluba \u010cakovec od 2009., zaljubljenik u fotografiju, autor knjiga \"Promi\u0161ljati fotografski\", \"K\u00f4d fotografske slike\", \"LICA\" i \"Kreativna makrofotografija\" te pokreta\u010d Edukativne biblioteke Fotokluba \u010cakovec i biblioteke Fotomonografije Fotokluba \u010cakovec. U klubu u suradnji s kolegom Sini\u0161om Luda\u0161em - Pixinom vodi radionicu Portretna fotografija, s kolegom Davorinom Manceom vodi radionicu Prakti\u010dna reklamna fotografija, i Ljetnu \u0161kolu fotografije za djecu. Bavi se studijskom i portretnom fotografijom. http:\/\/davorzerjav.from.hr\/","sameAs":["http:\/\/www.davorzerjav.from.hr","http:\/\/www.facebook.com\/davor.zerjav"],"url":"https:\/\/fotoklub-cakovec.hr\/wp\/author\/davorz"}]}},"_links":{"self":[{"href":"https:\/\/fotoklub-cakovec.hr\/wp\/wp-json\/wp\/v2\/posts\/6933"}],"collection":[{"href":"https:\/\/fotoklub-cakovec.hr\/wp\/wp-json\/wp\/v2\/posts"}],"about":[{"href":"https:\/\/fotoklub-cakovec.hr\/wp\/wp-json\/wp\/v2\/types\/post"}],"author":[{"embeddable":true,"href":"https:\/\/fotoklub-cakovec.hr\/wp\/wp-json\/wp\/v2\/users\/10"}],"replies":[{"embeddable":true,"href":"https:\/\/fotoklub-cakovec.hr\/wp\/wp-json\/wp\/v2\/comments?post=6933"}],"version-history":[{"count":1,"href":"https:\/\/fotoklub-cakovec.hr\/wp\/wp-json\/wp\/v2\/posts\/6933\/revisions"}],"predecessor-version":[{"id":6941,"href":"https:\/\/fotoklub-cakovec.hr\/wp\/wp-json\/wp\/v2\/posts\/6933\/revisions\/6941"}],"wp:attachment":[{"href":"https:\/\/fotoklub-cakovec.hr\/wp\/wp-json\/wp\/v2\/media?parent=6933"}],"wp:term":[{"taxonomy":"category","embeddable":true,"href":"https:\/\/fotoklub-cakovec.hr\/wp\/wp-json\/wp\/v2\/categories?post=6933"},{"taxonomy":"post_tag","embeddable":true,"href":"https:\/\/fotoklub-cakovec.hr\/wp\/wp-json\/wp\/v2\/tags?post=6933"}],"curies":[{"name":"wp","href":"https:\/\/api.w.org\/{rel}","templated":true}]}}