{"id":6359,"date":"2017-01-10T12:47:28","date_gmt":"2017-01-10T11:47:28","guid":{"rendered":"http:\/\/fotoklub-cakovec.hr\/wp\/?p=6359"},"modified":"2017-01-10T14:39:23","modified_gmt":"2017-01-10T13:39:23","slug":"isle-of-skye-elgol-16","status":"publish","type":"post","link":"https:\/\/fotoklub-cakovec.hr\/wp\/2017\/01\/isle-of-skye-elgol-16","title":{"rendered":"Isle of Skye, Elgol (1\/6)"},"content":{"rendered":"<p><img fetchpriority=\"high\" decoding=\"async\" class=\"alignright wp-image-6375 size-medium colorbox-6359\" src=\"http:\/\/fotoklub-cakovec.hr\/wp\/wp-content\/uploads\/2017\/01\/IMG_6047-300x200.jpg\" width=\"300\" height=\"200\" srcset=\"https:\/\/fotoklub-cakovec.hr\/wp\/wp-content\/uploads\/2017\/01\/IMG_6047-300x200.jpg 300w, https:\/\/fotoklub-cakovec.hr\/wp\/wp-content\/uploads\/2017\/01\/IMG_6047-768x512.jpg 768w, https:\/\/fotoklub-cakovec.hr\/wp\/wp-content\/uploads\/2017\/01\/IMG_6047-735x490.jpg 735w, https:\/\/fotoklub-cakovec.hr\/wp\/wp-content\/uploads\/2017\/01\/IMG_6047-368x245.jpg 368w, https:\/\/fotoklub-cakovec.hr\/wp\/wp-content\/uploads\/2017\/01\/IMG_6047.jpg 800w\" sizes=\"(max-width: 300px) 100vw, 300px\" \/>Isle of Skye, otok magle i oblaka. I danas, vi\u0161e od \u0161est mjeseci nakon putovanja, poku\u0161avam prona\u0107i rije\u010di kako bih opisao do\u017eivljaj bivanja na tom otoku. Smje\u0161ten uz zapadnu obalu \u0160kotske, pru\u017ea svoje prste prema vanjskim otocima i Atlantskom oceanu, zove ra\u0161irenih ruku da ga se posjeti. Gledano kroz prizmu pejza\u017enog fotografa, Isle of Skye jedno je od po\u017eeljnijih i uzbudljivijih mjesta. Njegov geografski polo\u017eaj i geolo\u0161ki postanak oblikovali su \u010darobno mjesto prepuno fotografskih motiva, neoskvrnuto ljudskim zahvatima u prirodu, na \u0161to nisam navikao u rodnom Me\u0111imurju.<!--more--> \u017delja, \u010de\u017enja i i\u0161\u010dekivanje pra\u0107eni uzbu\u0111enjem i ekstazom rezultirali su zadovoljstvom i neizmjernom sre\u0107om. Ako vas je to asociralo na ne\u0161to drugo, niste daleko od istine, i to tako barem pet puta u deset dana ;). Osje\u0107aji su to koji su se izmjenjivali i nadopunjavali tijekom putovanja na svakoj lokaciji koju smo posjetili u svom krstarenju uzdu\u017e i poprijeko otoka. Tih dana najmanje mi je va\u017ena bila hrana, vi\u0161e mi je zna\u010dilo pivo u pubu, a \u017eivio sam za fotografiranje.<\/p>\n<p>Elgol s \u010darobnim pogledom na Sgurr Alasdair, najvi\u0161i vrh na otoku, prva je stanica moga prisje\u0107anja. Ivan (<a href=\"http:\/\/www.ivansardi.com\/\">Ivan \u0160ardi<\/a>), na\u0161 izvi\u0111a\u010d, kuhar i dobri duh putovanja, prona\u0161ao je prekrasno mjesto za kampiranje. Njegova pjesni\u010dka du\u0161a i fotografsko promi\u0161ljanje o lokaciji, uz veliko iskustvo u divljem kampiranju, jam\u010dilo mi je da \u0107emo spavati na prekrasnom mjestu. Srce mi je u\u017eurbano \u00a0lupalo (djelomi\u010dno i zbog dva ruksaka opreme \ud83d\ude09 koja sam nosio) kako smo se pribli\u017eavali mjestu za kampiranje, a pogled na prekrasan krajolik se sve vi\u0161e otvarao. Osmjeh od uha do uha, koji uzgred budi re\u010deno nije silazio s mog lica do kraja putovanja, pretvorio se u glasni usklik sre\u0107e. Sunce u svojoj dugoj putanji prema po\u010dinku zlatnim svjetlom obasjalo je strme litice ponad Elgola u\u010diniv\u0161i cijeli krajolik bajkovitim. To je bilo toliko lijepo da sam se morao podsjetiti da bi tu ljepotu valjalo i zabilje\u017eiti.<\/p>\n<figure id=\"attachment_6362\" aria-describedby=\"caption-attachment-6362\" style=\"width: 800px\" class=\"wp-caption aligncenter\"><img decoding=\"async\" class=\"wp-image-6362 size-full colorbox-6359\" src=\"http:\/\/fotoklub-cakovec.hr\/wp\/wp-content\/uploads\/2017\/01\/MG_4273.jpg\" width=\"800\" height=\"354\" srcset=\"https:\/\/fotoklub-cakovec.hr\/wp\/wp-content\/uploads\/2017\/01\/MG_4273.jpg 800w, https:\/\/fotoklub-cakovec.hr\/wp\/wp-content\/uploads\/2017\/01\/MG_4273-300x133.jpg 300w, https:\/\/fotoklub-cakovec.hr\/wp\/wp-content\/uploads\/2017\/01\/MG_4273-768x340.jpg 768w, https:\/\/fotoklub-cakovec.hr\/wp\/wp-content\/uploads\/2017\/01\/MG_4273-400x177.jpg 400w\" sizes=\"(max-width: 800px) 100vw, 800px\" \/><figcaption id=\"caption-attachment-6362\" class=\"wp-caption-text\">Padine iznad Elgola<\/figcaption><\/figure>\n<p>Poznavanje vlastite fotografske opreme (kakva god ona bila) ovdje je od presudne va\u017enosti . Kada poznajete fotoaparat do to\u010dke da on postane dio vas, tada bez previ\u0161e muke i razmi\u0161ljanja vi\u0111eno preta\u010dete u slike kakve \u017eelite.\u00a0 Uz navedeno, koliko god bili iskusni fotografi, uvijek \u0107ete trebati vremena za upoznavanje lokacije, kako u fizi\u010dkom, tako i metafizi\u010dkom pogledu. Osobno, iako sretan snimljenim fotografijama, smatram da sam tek drugog i tre\u0107eg dana boravka na otoku po\u010deo osje\u0107ati kako nam se frekvencije sinkroniziraju, da po\u010dinjem osje\u0107ati kako \u201edi\u0161e\u201c.<\/p>\n<figure id=\"attachment_6363\" aria-describedby=\"caption-attachment-6363\" style=\"width: 533px\" class=\"wp-caption aligncenter\"><img decoding=\"async\" class=\"size-full wp-image-6363 colorbox-6359\" src=\"http:\/\/fotoklub-cakovec.hr\/wp\/wp-content\/uploads\/2017\/01\/MG_4292.jpg\" alt=\"\" width=\"533\" height=\"800\" srcset=\"https:\/\/fotoklub-cakovec.hr\/wp\/wp-content\/uploads\/2017\/01\/MG_4292.jpg 533w, https:\/\/fotoklub-cakovec.hr\/wp\/wp-content\/uploads\/2017\/01\/MG_4292-200x300.jpg 200w, https:\/\/fotoklub-cakovec.hr\/wp\/wp-content\/uploads\/2017\/01\/MG_4292-326x490.jpg 326w, https:\/\/fotoklub-cakovec.hr\/wp\/wp-content\/uploads\/2017\/01\/MG_4292-163x245.jpg 163w\" sizes=\"(max-width: 533px) 100vw, 533px\" \/><figcaption id=\"caption-attachment-6363\" class=\"wp-caption-text\">Elgolski zalazak<\/figcaption><\/figure>\n<p>Sunce u zalasku palilo je oblake nad planinom, a sveprisutni vjetar vrpoljio se oko mene \u0161ap\u0107u\u0107i: <em>\u201eDobrodo\u0161ao, ovo je tek djeli\u0107 onoga \u0161to slijedi na tvom putovanju.\u201c<\/em> Nastavio sam fotografirati istovremeno neizmjerno uzbu\u0111en i duboko miran. To je taj trenutak, Zen je postignut, sve je mirno i sve je u kaosu.<\/p>\n<figure id=\"attachment_6364\" aria-describedby=\"caption-attachment-6364\" style=\"width: 800px\" class=\"wp-caption aligncenter\"><img loading=\"lazy\" decoding=\"async\" class=\"size-full wp-image-6364 colorbox-6359\" src=\"http:\/\/fotoklub-cakovec.hr\/wp\/wp-content\/uploads\/2017\/01\/MG_4294.jpg\" alt=\"\" width=\"800\" height=\"354\" srcset=\"https:\/\/fotoklub-cakovec.hr\/wp\/wp-content\/uploads\/2017\/01\/MG_4294.jpg 800w, https:\/\/fotoklub-cakovec.hr\/wp\/wp-content\/uploads\/2017\/01\/MG_4294-300x133.jpg 300w, https:\/\/fotoklub-cakovec.hr\/wp\/wp-content\/uploads\/2017\/01\/MG_4294-768x340.jpg 768w, https:\/\/fotoklub-cakovec.hr\/wp\/wp-content\/uploads\/2017\/01\/MG_4294-400x177.jpg 400w\" sizes=\"(max-width: 800px) 100vw, 800px\" \/><figcaption id=\"caption-attachment-6364\" class=\"wp-caption-text\">Vatreno nebo<\/figcaption><\/figure>\n<figure id=\"attachment_6365\" aria-describedby=\"caption-attachment-6365\" style=\"width: 800px\" class=\"wp-caption aligncenter\"><img loading=\"lazy\" decoding=\"async\" class=\"wp-image-6365 size-full colorbox-6359\" src=\"http:\/\/fotoklub-cakovec.hr\/wp\/wp-content\/uploads\/2017\/01\/MG_4296.jpg\" alt=\"Cuillin pred po\u010dinak\" width=\"800\" height=\"400\" srcset=\"https:\/\/fotoklub-cakovec.hr\/wp\/wp-content\/uploads\/2017\/01\/MG_4296.jpg 800w, https:\/\/fotoklub-cakovec.hr\/wp\/wp-content\/uploads\/2017\/01\/MG_4296-300x150.jpg 300w, https:\/\/fotoklub-cakovec.hr\/wp\/wp-content\/uploads\/2017\/01\/MG_4296-768x384.jpg 768w, https:\/\/fotoklub-cakovec.hr\/wp\/wp-content\/uploads\/2017\/01\/MG_4296-400x200.jpg 400w\" sizes=\"(max-width: 800px) 100vw, 800px\" \/><figcaption id=\"caption-attachment-6365\" class=\"wp-caption-text\">Cuilins pred po\u010dinak<\/figcaption><\/figure>\n<p>&nbsp;<\/p>\n<p>Moj dobar prijatelj Davor\u00a0(<a href=\"http:\/\/davorzerjav.from.hr\/\" target=\"_blank\">Davor \u017derjav<\/a>) nedavno je u svom <a href=\"http:\/\/fotoklub-cakovec.hr\/wp\/2017\/01\/nadarenost-i-kreativnost\" target=\"_blank\">tekstu<\/a> napisao <em>\u201eSvijet je kaos. Fotografija je red.\u201c<\/em> Te re\u010denice, iako ih tada nisam bio svjestan, to\u010dno opisuju proces oblikovanja fotografskih slika u mojim mislima, prije no \u0161to \u0107u pritisnuti okida\u010d fotoaparata i trajno ih zabilje\u017eiti.<\/p>\n<p>Od tolikog dovo\u0111enja svijeta oko mene u red, umorio sam se jako, \u0161to bi stariji Me\u0111imurci rekli <em>\u201ekak \u010drna mati zemla\u201c<\/em>. Prva no\u0107 u \u0161atoru nakon maturalca u osnovnoj \u0161koli i to skoro tri tisu\u0107e kilometara od doma. Nije mala stvar, no ne stignem previ\u0161e razmi\u0161ljati o tome ve\u0107 tonem u slatki san.<\/p>\n<p>Mislim da nikad kra\u0107e nisam spavao, a i ne sje\u0107am se da sam ustao odmorniji i raspolo\u017eeniji za fotografiranje. Iz \u0161atora sam se iskobeljao puno prije izlaska. Malo sam bauljao po padini tra\u017ee\u0107i mjesto za fotografiranje. Obla\u010dno nebo prije zore dalo je nagovijestiti da od sun\u010danog izlaska ne\u0107e biti ni\u0161ta, no to ovdje ne zna\u010di mnogo budu\u0107i da se vremenske prilike mijenjaju prakti\u010dno svakih pola sata.<\/p>\n<figure id=\"attachment_6367\" aria-describedby=\"caption-attachment-6367\" style=\"width: 800px\" class=\"wp-caption aligncenter\"><img loading=\"lazy\" decoding=\"async\" class=\"size-full wp-image-6367 colorbox-6359\" src=\"http:\/\/fotoklub-cakovec.hr\/wp\/wp-content\/uploads\/2017\/01\/MG_4300.jpg\" alt=\"\" width=\"800\" height=\"533\" srcset=\"https:\/\/fotoklub-cakovec.hr\/wp\/wp-content\/uploads\/2017\/01\/MG_4300.jpg 800w, https:\/\/fotoklub-cakovec.hr\/wp\/wp-content\/uploads\/2017\/01\/MG_4300-300x200.jpg 300w, https:\/\/fotoklub-cakovec.hr\/wp\/wp-content\/uploads\/2017\/01\/MG_4300-768x512.jpg 768w, https:\/\/fotoklub-cakovec.hr\/wp\/wp-content\/uploads\/2017\/01\/MG_4300-735x490.jpg 735w, https:\/\/fotoklub-cakovec.hr\/wp\/wp-content\/uploads\/2017\/01\/MG_4300-368x245.jpg 368w\" sizes=\"(max-width: 800px) 100vw, 800px\" \/><figcaption id=\"caption-attachment-6367\" class=\"wp-caption-text\">Dobro jutro Ivek<\/figcaption><\/figure>\n<p>Silazim niz strminu na stjenovitu obalu. Ivan mi se pridru\u017euje. \u00a0Stijene su goleme. Migoljimo izme\u0111u njih poput mrava paze\u0107i pritom na vrlo skliske dijelove prekrivene morskom travom.\u00a0 Osje\u0107am se izgubljeno. Gledam, a ne vidim. \u017deljeni kadrovi nikako se ne uobli\u010davaju iz gomile stijena i ostatka krajolika koji me okru\u017euje. Poku\u0161avam sve \u0161to mi pada na pamet, iako toga u tom trenutku i nema ba\u0161 previ\u0161e. Panika. <em>\u201eStani, smiri se\u201c<\/em> govorim si. <em>\u201eOvo je normalno jer si na dugo \u017eeljenoj lokaciji, a tek je pro\u0161lo nekoliko sati od dolaska uklju\u010duju\u0107i i spavanje.\u201c<\/em><\/p>\n<figure id=\"attachment_6368\" aria-describedby=\"caption-attachment-6368\" style=\"width: 533px\" class=\"wp-caption aligncenter\"><img loading=\"lazy\" decoding=\"async\" class=\"size-full wp-image-6368 colorbox-6359\" src=\"http:\/\/fotoklub-cakovec.hr\/wp\/wp-content\/uploads\/2017\/01\/MG_4306.jpg\" alt=\"\" width=\"533\" height=\"800\" srcset=\"https:\/\/fotoklub-cakovec.hr\/wp\/wp-content\/uploads\/2017\/01\/MG_4306.jpg 533w, https:\/\/fotoklub-cakovec.hr\/wp\/wp-content\/uploads\/2017\/01\/MG_4306-200x300.jpg 200w, https:\/\/fotoklub-cakovec.hr\/wp\/wp-content\/uploads\/2017\/01\/MG_4306-326x490.jpg 326w, https:\/\/fotoklub-cakovec.hr\/wp\/wp-content\/uploads\/2017\/01\/MG_4306-163x245.jpg 163w\" sizes=\"(max-width: 533px) 100vw, 533px\" \/><figcaption id=\"caption-attachment-6368\" class=\"wp-caption-text\">Snaga prirode<\/figcaption><\/figure>\n<p><span style=\"color: #ffffff;\">.<\/span><\/p>\n<figure id=\"attachment_6369\" aria-describedby=\"caption-attachment-6369\" style=\"width: 800px\" class=\"wp-caption aligncenter\"><img loading=\"lazy\" decoding=\"async\" class=\"size-full wp-image-6369 colorbox-6359\" src=\"http:\/\/fotoklub-cakovec.hr\/wp\/wp-content\/uploads\/2017\/01\/MG_4303.jpg\" alt=\"\" width=\"800\" height=\"533\" srcset=\"https:\/\/fotoklub-cakovec.hr\/wp\/wp-content\/uploads\/2017\/01\/MG_4303.jpg 800w, https:\/\/fotoklub-cakovec.hr\/wp\/wp-content\/uploads\/2017\/01\/MG_4303-300x200.jpg 300w, https:\/\/fotoklub-cakovec.hr\/wp\/wp-content\/uploads\/2017\/01\/MG_4303-768x512.jpg 768w, https:\/\/fotoklub-cakovec.hr\/wp\/wp-content\/uploads\/2017\/01\/MG_4303-735x490.jpg 735w, https:\/\/fotoklub-cakovec.hr\/wp\/wp-content\/uploads\/2017\/01\/MG_4303-368x245.jpg 368w\" sizes=\"(max-width: 800px) 100vw, 800px\" \/><figcaption id=\"caption-attachment-6369\" class=\"wp-caption-text\">Pogled na Sgurr Alasdair<\/figcaption><\/figure>\n<p>Exif podaci iz slikovnih datoteka govore da je pro\u0161lo gotovo sat vremena od odlaska na obalu do bilje\u017eenja prve fotografije kojom sam djelomi\u010dno zadovoljan. Zatim jo\u0161 vi\u0161e od pola sata do druge.<\/p>\n<figure id=\"attachment_6370\" aria-describedby=\"caption-attachment-6370\" style=\"width: 800px\" class=\"wp-caption aligncenter\"><img loading=\"lazy\" decoding=\"async\" class=\"size-full wp-image-6370 colorbox-6359\" src=\"http:\/\/fotoklub-cakovec.hr\/wp\/wp-content\/uploads\/2017\/01\/MG_4310.jpg\" alt=\"\" width=\"800\" height=\"640\" srcset=\"https:\/\/fotoklub-cakovec.hr\/wp\/wp-content\/uploads\/2017\/01\/MG_4310.jpg 800w, https:\/\/fotoklub-cakovec.hr\/wp\/wp-content\/uploads\/2017\/01\/MG_4310-300x240.jpg 300w, https:\/\/fotoklub-cakovec.hr\/wp\/wp-content\/uploads\/2017\/01\/MG_4310-768x614.jpg 768w, https:\/\/fotoklub-cakovec.hr\/wp\/wp-content\/uploads\/2017\/01\/MG_4310-613x490.jpg 613w, https:\/\/fotoklub-cakovec.hr\/wp\/wp-content\/uploads\/2017\/01\/MG_4310-306x245.jpg 306w\" sizes=\"(max-width: 800px) 100vw, 800px\" \/><figcaption id=\"caption-attachment-6370\" class=\"wp-caption-text\">Pri\u010da za zapadne strane<\/figcaption><\/figure>\n<p>Umorilo me to, dosta za sada. Ivan ve\u0107 hita skuhati kavu. Vra\u0107am se prema \u0161atoru ne slute\u0107i da se opra\u0161tam od ove obale na du\u017ee vrijeme. Nekoliko mjeseci kasnije jo\u0161 imam osje\u0107aj da je to kratko dru\u017eenje s obalom Elgola ostalo nedore\u010deno. Mnoge mogu\u0107nosti nisu oku\u0161ane i neka su pitanja ostala visjeti u zraku.<\/p>\n<p>U sljede\u0107em nastavku: Trotternish ridge, mo\u0107ni zid sjevera.<\/p>\n<p>P. S.<\/p>\n<p>Naslutili ste iz teksta da na ovom putovanju nisam bio sam, stoga evo popisa svih nigdjezemskih dje\u010daka koji su ovo putovanje u\u010dinili nezaboravnim.<\/p>\n<p>Ivan \u0160ardi, <a href=\"http:\/\/www.ivansardi.com\/\">web<\/a>, <a href=\"https:\/\/www.facebook.com\/poetrygraphia\/\">facebook<\/a><\/p>\n<p>Sini\u0161a Golub, <a href=\"http:\/\/golubs.info\/\">web<\/a>, <a href=\"https:\/\/www.facebook.com\/sinisa.golub.5?fref=ts\">facebook<\/a><\/p>\n<p>Antun Cerove\u010dki, <a href=\"http:\/\/undiscovered-landscapes.com\/#1\">web<\/a>, <a href=\"https:\/\/www.facebook.com\/undiscoveredlandscapes\/?fref=ts\">facebook<\/a><\/p>\n<p>Davorin Mance, <a href=\"http:\/\/www.mancedavorin.com\/\">web<\/a>, <a href=\"https:\/\/www.facebook.com\/mancedavorin\/\">facebook<\/a><\/p>\n<p>&nbsp;<\/p>\n","protected":false},"excerpt":{"rendered":"<p>Isle of Skye, otok magle i oblaka. I danas, vi\u0161e od \u0161est mjeseci nakon putovanja, poku\u0161avam prona\u0107i rije\u010di kako bih opisao do\u017eivljaj bivanja na tom otoku. Smje\u0161ten uz zapadnu obalu \u0160kotske, pru\u017ea svoje prste prema vanjskim otocima i Atlantskom oceanu, zove ra\u0161irenih ruku da ga se posjeti. Gledano kroz prizmu pejza\u017enog fotografa, Isle of Skye [&hellip;]<\/p>\n","protected":false},"author":11,"featured_media":0,"comment_status":"open","ping_status":"closed","sticky":false,"template":"","format":"standard","meta":{"footnotes":""},"categories":[696,600,12,832],"tags":[47,231,164,364,833,134,388,835,834],"yoast_head":"<!-- This site is optimized with the Yoast SEO plugin v22.1 - https:\/\/yoast.com\/wordpress\/plugins\/seo\/ -->\n<title>Isle of Skye, Elgol (1\/6) - Fotoklub \u010cakovec<\/title>\n<meta name=\"robots\" content=\"index, follow, max-snippet:-1, max-image-preview:large, max-video-preview:-1\" \/>\n<link rel=\"canonical\" href=\"https:\/\/fotoklub-cakovec.hr\/wp\/2017\/01\/isle-of-skye-elgol-16\" \/>\n<meta property=\"og:locale\" content=\"hr_HR\" \/>\n<meta property=\"og:type\" content=\"article\" \/>\n<meta property=\"og:title\" content=\"Isle of Skye, Elgol (1\/6) - Fotoklub \u010cakovec\" \/>\n<meta property=\"og:description\" content=\"Isle of Skye, otok magle i oblaka. I danas, vi\u0161e od \u0161est mjeseci nakon putovanja, poku\u0161avam prona\u0107i rije\u010di kako bih opisao do\u017eivljaj bivanja na tom otoku. Smje\u0161ten uz zapadnu obalu \u0160kotske, pru\u017ea svoje prste prema vanjskim otocima i Atlantskom oceanu, zove ra\u0161irenih ruku da ga se posjeti. Gledano kroz prizmu pejza\u017enog fotografa, Isle of Skye [&hellip;]\" \/>\n<meta property=\"og:url\" content=\"https:\/\/fotoklub-cakovec.hr\/wp\/2017\/01\/isle-of-skye-elgol-16\" \/>\n<meta property=\"og:site_name\" content=\"Fotoklub \u010cakovec\" \/>\n<meta property=\"article:author\" content=\"https:\/\/www.facebook.com\/davorin.mance\" \/>\n<meta property=\"article:published_time\" content=\"2017-01-10T11:47:28+00:00\" \/>\n<meta property=\"article:modified_time\" content=\"2017-01-10T13:39:23+00:00\" \/>\n<meta property=\"og:image\" content=\"http:\/\/fotoklub-cakovec.hr\/wp\/wp-content\/uploads\/2017\/01\/IMG_6047-300x200.jpg\" \/>\n<meta name=\"author\" content=\"Davorin Mance\" \/>\n<meta name=\"twitter:card\" content=\"summary_large_image\" \/>\n<meta name=\"twitter:label1\" content=\"Napisao\/la\" \/>\n\t<meta name=\"twitter:data1\" content=\"Davorin Mance\" \/>\n\t<meta name=\"twitter:label2\" content=\"Procijenjeno vrijeme \u010ditanja\" \/>\n\t<meta name=\"twitter:data2\" content=\"5 minuta\" \/>\n<script type=\"application\/ld+json\" class=\"yoast-schema-graph\">{\"@context\":\"https:\/\/schema.org\",\"@graph\":[{\"@type\":\"WebPage\",\"@id\":\"https:\/\/fotoklub-cakovec.hr\/wp\/2017\/01\/isle-of-skye-elgol-16\",\"url\":\"https:\/\/fotoklub-cakovec.hr\/wp\/2017\/01\/isle-of-skye-elgol-16\",\"name\":\"Isle of Skye, Elgol (1\/6) - Fotoklub \u010cakovec\",\"isPartOf\":{\"@id\":\"https:\/\/fotoklub-cakovec.hr\/wp\/#website\"},\"datePublished\":\"2017-01-10T11:47:28+00:00\",\"dateModified\":\"2017-01-10T13:39:23+00:00\",\"author\":{\"@id\":\"https:\/\/fotoklub-cakovec.hr\/wp\/#\/schema\/person\/4baa3361c77341399571035b18ba330f\"},\"breadcrumb\":{\"@id\":\"https:\/\/fotoklub-cakovec.hr\/wp\/2017\/01\/isle-of-skye-elgol-16#breadcrumb\"},\"inLanguage\":\"hr\",\"potentialAction\":[{\"@type\":\"ReadAction\",\"target\":[\"https:\/\/fotoklub-cakovec.hr\/wp\/2017\/01\/isle-of-skye-elgol-16\"]}]},{\"@type\":\"BreadcrumbList\",\"@id\":\"https:\/\/fotoklub-cakovec.hr\/wp\/2017\/01\/isle-of-skye-elgol-16#breadcrumb\",\"itemListElement\":[{\"@type\":\"ListItem\",\"position\":1,\"name\":\"Po\u010detna stranica\",\"item\":\"https:\/\/fotoklub-cakovec.hr\/wp\"},{\"@type\":\"ListItem\",\"position\":2,\"name\":\"Isle of Skye, Elgol (1\/6)\"}]},{\"@type\":\"WebSite\",\"@id\":\"https:\/\/fotoklub-cakovec.hr\/wp\/#website\",\"url\":\"https:\/\/fotoklub-cakovec.hr\/wp\/\",\"name\":\"Fotoklub \u010cakovec\",\"description\":\"Slu\u017ebene internet stranice fotokluba \u010cakovec\",\"potentialAction\":[{\"@type\":\"SearchAction\",\"target\":{\"@type\":\"EntryPoint\",\"urlTemplate\":\"https:\/\/fotoklub-cakovec.hr\/wp\/?s={search_term_string}\"},\"query-input\":\"required name=search_term_string\"}],\"inLanguage\":\"hr\"},{\"@type\":\"Person\",\"@id\":\"https:\/\/fotoklub-cakovec.hr\/wp\/#\/schema\/person\/4baa3361c77341399571035b18ba330f\",\"name\":\"Davorin Mance\",\"image\":{\"@type\":\"ImageObject\",\"inLanguage\":\"hr\",\"@id\":\"https:\/\/fotoklub-cakovec.hr\/wp\/#\/schema\/person\/image\/\",\"url\":\"https:\/\/secure.gravatar.com\/avatar\/b8b11bb6526d747bce13ebb86b894138?s=96&d=mm&r=g\",\"contentUrl\":\"https:\/\/secure.gravatar.com\/avatar\/b8b11bb6526d747bce13ebb86b894138?s=96&d=mm&r=g\",\"caption\":\"Davorin Mance\"},\"description\":\"Zaljubljenik u pejza\u017enu fotografiju i predava\u010d na radionicama Osnove digitalne fotografije , Pejza\u017ene fotografije i Photoshop radionici. \u010clan je Fotokluba \u010cakovec od 2009. a 2015. izabran je na fukciju predsjednika FK\u010cK. Do sada je jednom izlagao samostalno i nekoliko puta na zajedni\u010dkim izlo\u017ebama \u010dlanova Fotokluba \u010cakovec. Dio je uredni\u0161tva svih do sada, pod okriljem fotokluba izdanih knjiga.\",\"sameAs\":[\"http:\/\/www.davorinmance.com\",\"https:\/\/www.facebook.com\/davorin.mance\"],\"url\":\"https:\/\/fotoklub-cakovec.hr\/wp\/author\/dadek\"}]}<\/script>\n<!-- \/ Yoast SEO plugin. -->","yoast_head_json":{"title":"Isle of Skye, Elgol (1\/6) - Fotoklub \u010cakovec","robots":{"index":"index","follow":"follow","max-snippet":"max-snippet:-1","max-image-preview":"max-image-preview:large","max-video-preview":"max-video-preview:-1"},"canonical":"https:\/\/fotoklub-cakovec.hr\/wp\/2017\/01\/isle-of-skye-elgol-16","og_locale":"hr_HR","og_type":"article","og_title":"Isle of Skye, Elgol (1\/6) - Fotoklub \u010cakovec","og_description":"Isle of Skye, otok magle i oblaka. I danas, vi\u0161e od \u0161est mjeseci nakon putovanja, poku\u0161avam prona\u0107i rije\u010di kako bih opisao do\u017eivljaj bivanja na tom otoku. Smje\u0161ten uz zapadnu obalu \u0160kotske, pru\u017ea svoje prste prema vanjskim otocima i Atlantskom oceanu, zove ra\u0161irenih ruku da ga se posjeti. Gledano kroz prizmu pejza\u017enog fotografa, Isle of Skye [&hellip;]","og_url":"https:\/\/fotoklub-cakovec.hr\/wp\/2017\/01\/isle-of-skye-elgol-16","og_site_name":"Fotoklub \u010cakovec","article_author":"https:\/\/www.facebook.com\/davorin.mance","article_published_time":"2017-01-10T11:47:28+00:00","article_modified_time":"2017-01-10T13:39:23+00:00","og_image":[{"url":"http:\/\/fotoklub-cakovec.hr\/wp\/wp-content\/uploads\/2017\/01\/IMG_6047-300x200.jpg"}],"author":"Davorin Mance","twitter_card":"summary_large_image","twitter_misc":{"Napisao\/la":"Davorin Mance","Procijenjeno vrijeme \u010ditanja":"5 minuta"},"schema":{"@context":"https:\/\/schema.org","@graph":[{"@type":"WebPage","@id":"https:\/\/fotoklub-cakovec.hr\/wp\/2017\/01\/isle-of-skye-elgol-16","url":"https:\/\/fotoklub-cakovec.hr\/wp\/2017\/01\/isle-of-skye-elgol-16","name":"Isle of Skye, Elgol (1\/6) - Fotoklub \u010cakovec","isPartOf":{"@id":"https:\/\/fotoklub-cakovec.hr\/wp\/#website"},"datePublished":"2017-01-10T11:47:28+00:00","dateModified":"2017-01-10T13:39:23+00:00","author":{"@id":"https:\/\/fotoklub-cakovec.hr\/wp\/#\/schema\/person\/4baa3361c77341399571035b18ba330f"},"breadcrumb":{"@id":"https:\/\/fotoklub-cakovec.hr\/wp\/2017\/01\/isle-of-skye-elgol-16#breadcrumb"},"inLanguage":"hr","potentialAction":[{"@type":"ReadAction","target":["https:\/\/fotoklub-cakovec.hr\/wp\/2017\/01\/isle-of-skye-elgol-16"]}]},{"@type":"BreadcrumbList","@id":"https:\/\/fotoklub-cakovec.hr\/wp\/2017\/01\/isle-of-skye-elgol-16#breadcrumb","itemListElement":[{"@type":"ListItem","position":1,"name":"Po\u010detna stranica","item":"https:\/\/fotoklub-cakovec.hr\/wp"},{"@type":"ListItem","position":2,"name":"Isle of Skye, Elgol (1\/6)"}]},{"@type":"WebSite","@id":"https:\/\/fotoklub-cakovec.hr\/wp\/#website","url":"https:\/\/fotoklub-cakovec.hr\/wp\/","name":"Fotoklub \u010cakovec","description":"Slu\u017ebene internet stranice fotokluba \u010cakovec","potentialAction":[{"@type":"SearchAction","target":{"@type":"EntryPoint","urlTemplate":"https:\/\/fotoklub-cakovec.hr\/wp\/?s={search_term_string}"},"query-input":"required name=search_term_string"}],"inLanguage":"hr"},{"@type":"Person","@id":"https:\/\/fotoklub-cakovec.hr\/wp\/#\/schema\/person\/4baa3361c77341399571035b18ba330f","name":"Davorin Mance","image":{"@type":"ImageObject","inLanguage":"hr","@id":"https:\/\/fotoklub-cakovec.hr\/wp\/#\/schema\/person\/image\/","url":"https:\/\/secure.gravatar.com\/avatar\/b8b11bb6526d747bce13ebb86b894138?s=96&d=mm&r=g","contentUrl":"https:\/\/secure.gravatar.com\/avatar\/b8b11bb6526d747bce13ebb86b894138?s=96&d=mm&r=g","caption":"Davorin Mance"},"description":"Zaljubljenik u pejza\u017enu fotografiju i predava\u010d na radionicama Osnove digitalne fotografije , Pejza\u017ene fotografije i Photoshop radionici. \u010clan je Fotokluba \u010cakovec od 2009. a 2015. izabran je na fukciju predsjednika FK\u010cK. Do sada je jednom izlagao samostalno i nekoliko puta na zajedni\u010dkim izlo\u017ebama \u010dlanova Fotokluba \u010cakovec. Dio je uredni\u0161tva svih do sada, pod okriljem fotokluba izdanih knjiga.","sameAs":["http:\/\/www.davorinmance.com","https:\/\/www.facebook.com\/davorin.mance"],"url":"https:\/\/fotoklub-cakovec.hr\/wp\/author\/dadek"}]}},"_links":{"self":[{"href":"https:\/\/fotoklub-cakovec.hr\/wp\/wp-json\/wp\/v2\/posts\/6359"}],"collection":[{"href":"https:\/\/fotoklub-cakovec.hr\/wp\/wp-json\/wp\/v2\/posts"}],"about":[{"href":"https:\/\/fotoklub-cakovec.hr\/wp\/wp-json\/wp\/v2\/types\/post"}],"author":[{"embeddable":true,"href":"https:\/\/fotoklub-cakovec.hr\/wp\/wp-json\/wp\/v2\/users\/11"}],"replies":[{"embeddable":true,"href":"https:\/\/fotoklub-cakovec.hr\/wp\/wp-json\/wp\/v2\/comments?post=6359"}],"version-history":[{"count":12,"href":"https:\/\/fotoklub-cakovec.hr\/wp\/wp-json\/wp\/v2\/posts\/6359\/revisions"}],"predecessor-version":[{"id":6381,"href":"https:\/\/fotoklub-cakovec.hr\/wp\/wp-json\/wp\/v2\/posts\/6359\/revisions\/6381"}],"wp:attachment":[{"href":"https:\/\/fotoklub-cakovec.hr\/wp\/wp-json\/wp\/v2\/media?parent=6359"}],"wp:term":[{"taxonomy":"category","embeddable":true,"href":"https:\/\/fotoklub-cakovec.hr\/wp\/wp-json\/wp\/v2\/categories?post=6359"},{"taxonomy":"post_tag","embeddable":true,"href":"https:\/\/fotoklub-cakovec.hr\/wp\/wp-json\/wp\/v2\/tags?post=6359"}],"curies":[{"name":"wp","href":"https:\/\/api.w.org\/{rel}","templated":true}]}}