{"id":611,"date":"2009-11-15T18:53:39","date_gmt":"2009-11-15T17:53:39","guid":{"rendered":"http:\/\/fotoklub-cakovec.hr\/wp\/2009\/clan-fkcka-petar-kovac-uvrsten-na-izlozbu-hrvatska-fotografija-2009\/"},"modified":"2010-09-01T15:58:22","modified_gmt":"2010-09-01T14:58:22","slug":"clan-fkcka-petar-kovac-uvrsten-na-izlozbu-hrvatska-fotografija-2009","status":"publish","type":"post","link":"https:\/\/fotoklub-cakovec.hr\/wp\/2009\/11\/clan-fkcka-petar-kovac-uvrsten-na-izlozbu-hrvatska-fotografija-2009","title":{"rendered":"\u010clan FK\u010cKa Petar Kova\u010d uvr\u0161ten na izlo\u017ebu Hrvatska fotografija 2009!"},"content":{"rendered":"<p style=\"text-align: justify;\"><a href=\"http:\/\/fotoklub-cakovec.hr\/wp\/wp-content\/uploads\/2009\/11\/grozni.jpg\"><img fetchpriority=\"high\" decoding=\"async\" class=\"alignleft size-full wp-image-610 colorbox-611\" title=\"grozni\" src=\"http:\/\/fotoklub-cakovec.hr\/wp\/wp-content\/uploads\/2009\/11\/grozni.jpg\" alt=\"grozni\" width=\"320\" height=\"214\" srcset=\"https:\/\/fotoklub-cakovec.hr\/wp\/wp-content\/uploads\/2009\/11\/grozni.jpg 320w, https:\/\/fotoklub-cakovec.hr\/wp\/wp-content\/uploads\/2009\/11\/grozni-300x200.jpg 300w\" sizes=\"(max-width: 320px) 100vw, 320px\" \/><\/a>Sa veseljem javljamo da je na\u0161 \u010dlan Petar Kova\u010d sa \u010dak \u010detiri fotografije uvr\u0161ten u izlo\u017ebu Hrvatska fotografija 2009, u organizaciji Hrvatskog fotosaveza. Izlo\u017eba je otvorena u subotu, 14. studenog u Vara\u017edinu. Pogledati ju mo\u017eete u Gradskom muzeju Vara\u017edin, Galerija starih i novih majstora. Adresa je Trg Miljenka Stan\u010di\u0107a 13. \u00a0 Petru \u010destitamo i \u017eelimo jo\u0161 uspjeha u budu\u0107nosti!<\/p>\n","protected":false},"excerpt":{"rendered":"<p>Sa veseljem javljamo da je na\u0161 \u010dlan Petar Kova\u010d sa \u010dak \u010detiri fotografije uvr\u0161ten u izlo\u017ebu Hrvatska fotografija 2009, u organizaciji Hrvatskog fotosaveza. Izlo\u017eba je otvorena u subotu, 14. studenog u Vara\u017edinu. Pogledati ju mo\u017eete u Gradskom muzeju Vara\u017edin, Galerija starih i novih majstora. Adresa je Trg Miljenka Stan\u010di\u0107a 13. \u00a0 Petru \u010destitamo i \u017eelimo [&hellip;]<\/p>\n","protected":false},"author":2,"featured_media":0,"comment_status":"closed","ping_status":"open","sticky":false,"template":"","format":"standard","meta":{"footnotes":""},"categories":[11],"tags":[],"yoast_head":"<!-- This site is optimized with the Yoast SEO plugin v22.1 - https:\/\/yoast.com\/wordpress\/plugins\/seo\/ -->\n<title>\u010clan FK\u010cKa Petar Kova\u010d uvr\u0161ten na izlo\u017ebu Hrvatska fotografija 2009! - Fotoklub \u010cakovec<\/title>\n<meta name=\"robots\" content=\"index, follow, max-snippet:-1, max-image-preview:large, max-video-preview:-1\" \/>\n<link rel=\"canonical\" href=\"https:\/\/fotoklub-cakovec.hr\/wp\/2009\/11\/clan-fkcka-petar-kovac-uvrsten-na-izlozbu-hrvatska-fotografija-2009\" \/>\n<meta property=\"og:locale\" content=\"hr_HR\" \/>\n<meta property=\"og:type\" content=\"article\" \/>\n<meta property=\"og:title\" content=\"\u010clan FK\u010cKa Petar Kova\u010d uvr\u0161ten na izlo\u017ebu Hrvatska fotografija 2009! - Fotoklub \u010cakovec\" \/>\n<meta property=\"og:description\" content=\"Sa veseljem javljamo da je na\u0161 \u010dlan Petar Kova\u010d sa \u010dak \u010detiri fotografije uvr\u0161ten u izlo\u017ebu Hrvatska fotografija 2009, u organizaciji Hrvatskog fotosaveza. Izlo\u017eba je otvorena u subotu, 14. studenog u Vara\u017edinu. Pogledati ju mo\u017eete u Gradskom muzeju Vara\u017edin, Galerija starih i novih majstora. Adresa je Trg Miljenka Stan\u010di\u0107a 13. \u00a0 Petru \u010destitamo i \u017eelimo [&hellip;]\" \/>\n<meta property=\"og:url\" content=\"https:\/\/fotoklub-cakovec.hr\/wp\/2009\/11\/clan-fkcka-petar-kovac-uvrsten-na-izlozbu-hrvatska-fotografija-2009\" \/>\n<meta property=\"og:site_name\" content=\"Fotoklub \u010cakovec\" \/>\n<meta property=\"article:published_time\" content=\"2009-11-15T17:53:39+00:00\" \/>\n<meta property=\"article:modified_time\" content=\"2010-09-01T14:58:22+00:00\" \/>\n<meta property=\"og:image\" content=\"http:\/\/fotoklub-cakovec.hr\/wp\/wp-content\/uploads\/2009\/11\/grozni.jpg\" \/>\n<meta name=\"author\" content=\"urednik\" \/>\n<meta name=\"twitter:card\" content=\"summary_large_image\" \/>\n<meta name=\"twitter:label1\" content=\"Napisao\/la\" \/>\n\t<meta name=\"twitter:data1\" content=\"urednik\" \/>\n<script type=\"application\/ld+json\" class=\"yoast-schema-graph\">{\"@context\":\"https:\/\/schema.org\",\"@graph\":[{\"@type\":\"WebPage\",\"@id\":\"https:\/\/fotoklub-cakovec.hr\/wp\/2009\/11\/clan-fkcka-petar-kovac-uvrsten-na-izlozbu-hrvatska-fotografija-2009\",\"url\":\"https:\/\/fotoklub-cakovec.hr\/wp\/2009\/11\/clan-fkcka-petar-kovac-uvrsten-na-izlozbu-hrvatska-fotografija-2009\",\"name\":\"\u010clan FK\u010cKa Petar Kova\u010d uvr\u0161ten na izlo\u017ebu Hrvatska fotografija 2009! - Fotoklub \u010cakovec\",\"isPartOf\":{\"@id\":\"https:\/\/fotoklub-cakovec.hr\/wp\/#website\"},\"datePublished\":\"2009-11-15T17:53:39+00:00\",\"dateModified\":\"2010-09-01T14:58:22+00:00\",\"author\":{\"@id\":\"https:\/\/fotoklub-cakovec.hr\/wp\/#\/schema\/person\/f2bc5eef1aaf0823ac22207bc27c3d1c\"},\"breadcrumb\":{\"@id\":\"https:\/\/fotoklub-cakovec.hr\/wp\/2009\/11\/clan-fkcka-petar-kovac-uvrsten-na-izlozbu-hrvatska-fotografija-2009#breadcrumb\"},\"inLanguage\":\"hr\",\"potentialAction\":[{\"@type\":\"ReadAction\",\"target\":[\"https:\/\/fotoklub-cakovec.hr\/wp\/2009\/11\/clan-fkcka-petar-kovac-uvrsten-na-izlozbu-hrvatska-fotografija-2009\"]}]},{\"@type\":\"BreadcrumbList\",\"@id\":\"https:\/\/fotoklub-cakovec.hr\/wp\/2009\/11\/clan-fkcka-petar-kovac-uvrsten-na-izlozbu-hrvatska-fotografija-2009#breadcrumb\",\"itemListElement\":[{\"@type\":\"ListItem\",\"position\":1,\"name\":\"Po\u010detna stranica\",\"item\":\"https:\/\/fotoklub-cakovec.hr\/wp\"},{\"@type\":\"ListItem\",\"position\":2,\"name\":\"\u010clan FK\u010cKa Petar Kova\u010d uvr\u0161ten na izlo\u017ebu Hrvatska fotografija 2009!\"}]},{\"@type\":\"WebSite\",\"@id\":\"https:\/\/fotoklub-cakovec.hr\/wp\/#website\",\"url\":\"https:\/\/fotoklub-cakovec.hr\/wp\/\",\"name\":\"Fotoklub \u010cakovec\",\"description\":\"Slu\u017ebene internet stranice fotokluba \u010cakovec\",\"potentialAction\":[{\"@type\":\"SearchAction\",\"target\":{\"@type\":\"EntryPoint\",\"urlTemplate\":\"https:\/\/fotoklub-cakovec.hr\/wp\/?s={search_term_string}\"},\"query-input\":\"required name=search_term_string\"}],\"inLanguage\":\"hr\"},{\"@type\":\"Person\",\"@id\":\"https:\/\/fotoklub-cakovec.hr\/wp\/#\/schema\/person\/f2bc5eef1aaf0823ac22207bc27c3d1c\",\"name\":\"urednik\",\"image\":{\"@type\":\"ImageObject\",\"inLanguage\":\"hr\",\"@id\":\"https:\/\/fotoklub-cakovec.hr\/wp\/#\/schema\/person\/image\/\",\"url\":\"https:\/\/secure.gravatar.com\/avatar\/d0d66020249b56462d4831816f1f12b3?s=96&d=mm&r=g\",\"contentUrl\":\"https:\/\/secure.gravatar.com\/avatar\/d0d66020249b56462d4831816f1f12b3?s=96&d=mm&r=g\",\"caption\":\"urednik\"},\"sameAs\":[\"http:\/\/www.fotoklub-cakovec.hr\"],\"url\":\"https:\/\/fotoklub-cakovec.hr\/wp\/author\/urednik\"}]}<\/script>\n<!-- \/ Yoast SEO plugin. -->","yoast_head_json":{"title":"\u010clan FK\u010cKa Petar Kova\u010d uvr\u0161ten na izlo\u017ebu Hrvatska fotografija 2009! - Fotoklub \u010cakovec","robots":{"index":"index","follow":"follow","max-snippet":"max-snippet:-1","max-image-preview":"max-image-preview:large","max-video-preview":"max-video-preview:-1"},"canonical":"https:\/\/fotoklub-cakovec.hr\/wp\/2009\/11\/clan-fkcka-petar-kovac-uvrsten-na-izlozbu-hrvatska-fotografija-2009","og_locale":"hr_HR","og_type":"article","og_title":"\u010clan FK\u010cKa Petar Kova\u010d uvr\u0161ten na izlo\u017ebu Hrvatska fotografija 2009! - Fotoklub \u010cakovec","og_description":"Sa veseljem javljamo da je na\u0161 \u010dlan Petar Kova\u010d sa \u010dak \u010detiri fotografije uvr\u0161ten u izlo\u017ebu Hrvatska fotografija 2009, u organizaciji Hrvatskog fotosaveza. Izlo\u017eba je otvorena u subotu, 14. studenog u Vara\u017edinu. Pogledati ju mo\u017eete u Gradskom muzeju Vara\u017edin, Galerija starih i novih majstora. Adresa je Trg Miljenka Stan\u010di\u0107a 13. \u00a0 Petru \u010destitamo i \u017eelimo [&hellip;]","og_url":"https:\/\/fotoklub-cakovec.hr\/wp\/2009\/11\/clan-fkcka-petar-kovac-uvrsten-na-izlozbu-hrvatska-fotografija-2009","og_site_name":"Fotoklub \u010cakovec","article_published_time":"2009-11-15T17:53:39+00:00","article_modified_time":"2010-09-01T14:58:22+00:00","og_image":[{"url":"http:\/\/fotoklub-cakovec.hr\/wp\/wp-content\/uploads\/2009\/11\/grozni.jpg"}],"author":"urednik","twitter_card":"summary_large_image","twitter_misc":{"Napisao\/la":"urednik"},"schema":{"@context":"https:\/\/schema.org","@graph":[{"@type":"WebPage","@id":"https:\/\/fotoklub-cakovec.hr\/wp\/2009\/11\/clan-fkcka-petar-kovac-uvrsten-na-izlozbu-hrvatska-fotografija-2009","url":"https:\/\/fotoklub-cakovec.hr\/wp\/2009\/11\/clan-fkcka-petar-kovac-uvrsten-na-izlozbu-hrvatska-fotografija-2009","name":"\u010clan FK\u010cKa Petar Kova\u010d uvr\u0161ten na izlo\u017ebu Hrvatska fotografija 2009! - Fotoklub \u010cakovec","isPartOf":{"@id":"https:\/\/fotoklub-cakovec.hr\/wp\/#website"},"datePublished":"2009-11-15T17:53:39+00:00","dateModified":"2010-09-01T14:58:22+00:00","author":{"@id":"https:\/\/fotoklub-cakovec.hr\/wp\/#\/schema\/person\/f2bc5eef1aaf0823ac22207bc27c3d1c"},"breadcrumb":{"@id":"https:\/\/fotoklub-cakovec.hr\/wp\/2009\/11\/clan-fkcka-petar-kovac-uvrsten-na-izlozbu-hrvatska-fotografija-2009#breadcrumb"},"inLanguage":"hr","potentialAction":[{"@type":"ReadAction","target":["https:\/\/fotoklub-cakovec.hr\/wp\/2009\/11\/clan-fkcka-petar-kovac-uvrsten-na-izlozbu-hrvatska-fotografija-2009"]}]},{"@type":"BreadcrumbList","@id":"https:\/\/fotoklub-cakovec.hr\/wp\/2009\/11\/clan-fkcka-petar-kovac-uvrsten-na-izlozbu-hrvatska-fotografija-2009#breadcrumb","itemListElement":[{"@type":"ListItem","position":1,"name":"Po\u010detna stranica","item":"https:\/\/fotoklub-cakovec.hr\/wp"},{"@type":"ListItem","position":2,"name":"\u010clan FK\u010cKa Petar Kova\u010d uvr\u0161ten na izlo\u017ebu Hrvatska fotografija 2009!"}]},{"@type":"WebSite","@id":"https:\/\/fotoklub-cakovec.hr\/wp\/#website","url":"https:\/\/fotoklub-cakovec.hr\/wp\/","name":"Fotoklub \u010cakovec","description":"Slu\u017ebene internet stranice fotokluba \u010cakovec","potentialAction":[{"@type":"SearchAction","target":{"@type":"EntryPoint","urlTemplate":"https:\/\/fotoklub-cakovec.hr\/wp\/?s={search_term_string}"},"query-input":"required name=search_term_string"}],"inLanguage":"hr"},{"@type":"Person","@id":"https:\/\/fotoklub-cakovec.hr\/wp\/#\/schema\/person\/f2bc5eef1aaf0823ac22207bc27c3d1c","name":"urednik","image":{"@type":"ImageObject","inLanguage":"hr","@id":"https:\/\/fotoklub-cakovec.hr\/wp\/#\/schema\/person\/image\/","url":"https:\/\/secure.gravatar.com\/avatar\/d0d66020249b56462d4831816f1f12b3?s=96&d=mm&r=g","contentUrl":"https:\/\/secure.gravatar.com\/avatar\/d0d66020249b56462d4831816f1f12b3?s=96&d=mm&r=g","caption":"urednik"},"sameAs":["http:\/\/www.fotoklub-cakovec.hr"],"url":"https:\/\/fotoklub-cakovec.hr\/wp\/author\/urednik"}]}},"_links":{"self":[{"href":"https:\/\/fotoklub-cakovec.hr\/wp\/wp-json\/wp\/v2\/posts\/611"}],"collection":[{"href":"https:\/\/fotoklub-cakovec.hr\/wp\/wp-json\/wp\/v2\/posts"}],"about":[{"href":"https:\/\/fotoklub-cakovec.hr\/wp\/wp-json\/wp\/v2\/types\/post"}],"author":[{"embeddable":true,"href":"https:\/\/fotoklub-cakovec.hr\/wp\/wp-json\/wp\/v2\/users\/2"}],"replies":[{"embeddable":true,"href":"https:\/\/fotoklub-cakovec.hr\/wp\/wp-json\/wp\/v2\/comments?post=611"}],"version-history":[{"count":5,"href":"https:\/\/fotoklub-cakovec.hr\/wp\/wp-json\/wp\/v2\/posts\/611\/revisions"}],"predecessor-version":[{"id":993,"href":"https:\/\/fotoklub-cakovec.hr\/wp\/wp-json\/wp\/v2\/posts\/611\/revisions\/993"}],"wp:attachment":[{"href":"https:\/\/fotoklub-cakovec.hr\/wp\/wp-json\/wp\/v2\/media?parent=611"}],"wp:term":[{"taxonomy":"category","embeddable":true,"href":"https:\/\/fotoklub-cakovec.hr\/wp\/wp-json\/wp\/v2\/categories?post=611"},{"taxonomy":"post_tag","embeddable":true,"href":"https:\/\/fotoklub-cakovec.hr\/wp\/wp-json\/wp\/v2\/tags?post=611"}],"curies":[{"name":"wp","href":"https:\/\/api.w.org\/{rel}","templated":true}]}}