{"id":6066,"date":"2016-03-13T10:00:40","date_gmt":"2016-03-13T09:00:40","guid":{"rendered":"http:\/\/fotoklub-cakovec.hr\/wp\/?p=6066"},"modified":"2016-03-13T15:57:21","modified_gmt":"2016-03-13T14:57:21","slug":"prva-samostalna-izlozba-davora-zerjava","status":"publish","type":"post","link":"https:\/\/fotoklub-cakovec.hr\/wp\/2016\/03\/prva-samostalna-izlozba-davora-zerjava","title":{"rendered":"Prva samostalna izlo\u017eba Davora \u017derjava"},"content":{"rendered":"<p><a href=\"http:\/\/fotoklub-cakovec.hr\/wp\/wp-content\/uploads\/2016\/03\/LICA_pozivnica.jpg\" rel=\"attachment wp-att-6067\"><img fetchpriority=\"high\" decoding=\"async\" class=\"alignnone wp-image-6067 size-full colorbox-6066\" src=\"http:\/\/fotoklub-cakovec.hr\/wp\/wp-content\/uploads\/2016\/03\/LICA_pozivnica.jpg\" alt=\"LICA_pozivnica\" width=\"800\" height=\"378\" srcset=\"https:\/\/fotoklub-cakovec.hr\/wp\/wp-content\/uploads\/2016\/03\/LICA_pozivnica.jpg 800w, https:\/\/fotoklub-cakovec.hr\/wp\/wp-content\/uploads\/2016\/03\/LICA_pozivnica-300x142.jpg 300w, https:\/\/fotoklub-cakovec.hr\/wp\/wp-content\/uploads\/2016\/03\/LICA_pozivnica-768x363.jpg 768w, https:\/\/fotoklub-cakovec.hr\/wp\/wp-content\/uploads\/2016\/03\/LICA_pozivnica-400x189.jpg 400w\" sizes=\"(max-width: 800px) 100vw, 800px\" \/><\/a><\/p>\n<p>Dana 18. o\u017eujka 2016. u 19 sati u Galeriji Scheier u \u010cakovcu otvara se\u00a0prva samostalna izlo\u017eba Davora \u017derjava koja ozna\u010dava zavr\u0161etak projekta LICA.<\/p>\n<p>Izme\u0111u svibnja 2013. i prosinca 2015. \u017derjav je snimio 501 portret od kojih u velikom formatu izla\u017ee 25 portreta, a u malim formatima sve fotografije s projekta. <a href=\"http:\/\/davorzerjav.from.hr\/portfolio\/lica\/\" target=\"_blank\">Predgovor <\/a>za izlo\u017ebu napisao je <a href=\"http:\/\/maxjuhasz.com\/\" target=\"_blank\">Max Juhasz<\/a>. Izlo\u017eba \u0107e biti otvorena za posjetitelje svakog dana do 1. travnja od 17 do 19 sati.<\/p>\n<p>U projektu su osim Fotokluba \u010cakovec sudjelovali TICM i SOHO-bar (kao partneri projekta), te Me\u0111imurska \u017eupanija, Grad \u010cakovec, ACT &#8211; Autonomni centar \u010cakovec, Platforma za Dru\u0161tveni centar \u010cakovec, Fotografija &#8211; udruga za fotografsku i vizualnu kulturu, Ministarstvo kulture RH, Ministarstvo socijalne politike i mladih, Nacionalna zaklada za razvoj civilnoga dru\u0161tva i Zaklada Kultura nova (kao sponzori).<\/p>\n<p><a href=\"http:\/\/fotoklub-cakovec.hr\/wp\/narucite-knjige\/lica-fotomonografija\" target=\"_blank\">Na izlo\u017ebi je mogu\u0107e\u00a0nabaviti i primjerak novoiza\u0161le fotomonografije LICA s 86 reproduciranih portreta iz projekta.<\/a><\/p>\n","protected":false},"excerpt":{"rendered":"<p>Dana 18. o\u017eujka 2016. u 19 sati u Galeriji Scheier u \u010cakovcu otvara se\u00a0prva samostalna izlo\u017eba Davora \u017derjava koja ozna\u010dava zavr\u0161etak projekta LICA. Izme\u0111u svibnja 2013. i prosinca 2015. \u017derjav je snimio 501 portret od kojih u velikom formatu izla\u017ee 25 portreta, a u malim formatima sve fotografije s projekta. Predgovor za izlo\u017ebu napisao je [&hellip;]<\/p>\n","protected":false},"author":10,"featured_media":0,"comment_status":"open","ping_status":"closed","sticky":false,"template":"","format":"standard","meta":{"footnotes":""},"categories":[10,1,11],"tags":[70,164,22,270,488,95],"yoast_head":"<!-- This site is optimized with the Yoast SEO plugin v22.1 - https:\/\/yoast.com\/wordpress\/plugins\/seo\/ -->\n<title>Prva samostalna izlo\u017eba Davora \u017derjava - Fotoklub \u010cakovec<\/title>\n<meta name=\"robots\" content=\"index, follow, max-snippet:-1, max-image-preview:large, max-video-preview:-1\" \/>\n<link rel=\"canonical\" href=\"https:\/\/fotoklub-cakovec.hr\/wp\/2016\/03\/prva-samostalna-izlozba-davora-zerjava\" \/>\n<meta property=\"og:locale\" content=\"hr_HR\" \/>\n<meta property=\"og:type\" content=\"article\" \/>\n<meta property=\"og:title\" content=\"Prva samostalna izlo\u017eba Davora \u017derjava - Fotoklub \u010cakovec\" \/>\n<meta property=\"og:description\" content=\"Dana 18. o\u017eujka 2016. u 19 sati u Galeriji Scheier u \u010cakovcu otvara se\u00a0prva samostalna izlo\u017eba Davora \u017derjava koja ozna\u010dava zavr\u0161etak projekta LICA. Izme\u0111u svibnja 2013. i prosinca 2015. \u017derjav je snimio 501 portret od kojih u velikom formatu izla\u017ee 25 portreta, a u malim formatima sve fotografije s projekta. Predgovor za izlo\u017ebu napisao je [&hellip;]\" \/>\n<meta property=\"og:url\" content=\"https:\/\/fotoklub-cakovec.hr\/wp\/2016\/03\/prva-samostalna-izlozba-davora-zerjava\" \/>\n<meta property=\"og:site_name\" content=\"Fotoklub \u010cakovec\" \/>\n<meta property=\"article:author\" content=\"http:\/\/www.facebook.com\/davor.zerjav\" \/>\n<meta property=\"article:published_time\" content=\"2016-03-13T09:00:40+00:00\" \/>\n<meta property=\"article:modified_time\" content=\"2016-03-13T14:57:21+00:00\" \/>\n<meta property=\"og:image\" content=\"http:\/\/fotoklub-cakovec.hr\/wp\/wp-content\/uploads\/2016\/03\/LICA_pozivnica.jpg\" \/>\n<meta name=\"author\" content=\"Davor \u017derjav\" \/>\n<meta name=\"twitter:card\" content=\"summary_large_image\" \/>\n<meta name=\"twitter:label1\" content=\"Napisao\/la\" \/>\n\t<meta name=\"twitter:data1\" content=\"Davor \u017derjav\" \/>\n\t<meta name=\"twitter:label2\" content=\"Procijenjeno vrijeme \u010ditanja\" \/>\n\t<meta name=\"twitter:data2\" content=\"1 minuta\" \/>\n<script type=\"application\/ld+json\" class=\"yoast-schema-graph\">{\"@context\":\"https:\/\/schema.org\",\"@graph\":[{\"@type\":\"WebPage\",\"@id\":\"https:\/\/fotoklub-cakovec.hr\/wp\/2016\/03\/prva-samostalna-izlozba-davora-zerjava\",\"url\":\"https:\/\/fotoklub-cakovec.hr\/wp\/2016\/03\/prva-samostalna-izlozba-davora-zerjava\",\"name\":\"Prva samostalna izlo\u017eba Davora \u017derjava - Fotoklub \u010cakovec\",\"isPartOf\":{\"@id\":\"https:\/\/fotoklub-cakovec.hr\/wp\/#website\"},\"datePublished\":\"2016-03-13T09:00:40+00:00\",\"dateModified\":\"2016-03-13T14:57:21+00:00\",\"author\":{\"@id\":\"https:\/\/fotoklub-cakovec.hr\/wp\/#\/schema\/person\/6085546602c6f579bef91c3c55c2f767\"},\"breadcrumb\":{\"@id\":\"https:\/\/fotoklub-cakovec.hr\/wp\/2016\/03\/prva-samostalna-izlozba-davora-zerjava#breadcrumb\"},\"inLanguage\":\"hr\",\"potentialAction\":[{\"@type\":\"ReadAction\",\"target\":[\"https:\/\/fotoklub-cakovec.hr\/wp\/2016\/03\/prva-samostalna-izlozba-davora-zerjava\"]}]},{\"@type\":\"BreadcrumbList\",\"@id\":\"https:\/\/fotoklub-cakovec.hr\/wp\/2016\/03\/prva-samostalna-izlozba-davora-zerjava#breadcrumb\",\"itemListElement\":[{\"@type\":\"ListItem\",\"position\":1,\"name\":\"Po\u010detna stranica\",\"item\":\"https:\/\/fotoklub-cakovec.hr\/wp\"},{\"@type\":\"ListItem\",\"position\":2,\"name\":\"Prva samostalna izlo\u017eba Davora \u017derjava\"}]},{\"@type\":\"WebSite\",\"@id\":\"https:\/\/fotoklub-cakovec.hr\/wp\/#website\",\"url\":\"https:\/\/fotoklub-cakovec.hr\/wp\/\",\"name\":\"Fotoklub \u010cakovec\",\"description\":\"Slu\u017ebene internet stranice fotokluba \u010cakovec\",\"potentialAction\":[{\"@type\":\"SearchAction\",\"target\":{\"@type\":\"EntryPoint\",\"urlTemplate\":\"https:\/\/fotoklub-cakovec.hr\/wp\/?s={search_term_string}\"},\"query-input\":\"required name=search_term_string\"}],\"inLanguage\":\"hr\"},{\"@type\":\"Person\",\"@id\":\"https:\/\/fotoklub-cakovec.hr\/wp\/#\/schema\/person\/6085546602c6f579bef91c3c55c2f767\",\"name\":\"Davor \u017derjav\",\"image\":{\"@type\":\"ImageObject\",\"inLanguage\":\"hr\",\"@id\":\"https:\/\/fotoklub-cakovec.hr\/wp\/#\/schema\/person\/image\/\",\"url\":\"https:\/\/fotoklub-cakovec.hr\/wp\/wp-content\/uploads\/2017\/02\/IMG_9537_kvadrat_1094-96x96.jpg\",\"contentUrl\":\"https:\/\/fotoklub-cakovec.hr\/wp\/wp-content\/uploads\/2017\/02\/IMG_9537_kvadrat_1094-96x96.jpg\",\"caption\":\"Davor \u017derjav\"},\"description\":\"Davor \u017derjav je \u010dlan Fotokluba \u010cakovec od 2009., zaljubljenik u fotografiju, autor knjiga \\\"Promi\u0161ljati fotografski\\\", \\\"K\u00f4d fotografske slike\\\", \\\"LICA\\\" i \\\"Kreativna makrofotografija\\\" te pokreta\u010d Edukativne biblioteke Fotokluba \u010cakovec i biblioteke Fotomonografije Fotokluba \u010cakovec. U klubu u suradnji s kolegom Sini\u0161om Luda\u0161em - Pixinom vodi radionicu Portretna fotografija, s kolegom Davorinom Manceom vodi radionicu Prakti\u010dna reklamna fotografija, i Ljetnu \u0161kolu fotografije za djecu. Bavi se studijskom i portretnom fotografijom. http:\/\/davorzerjav.from.hr\/\",\"sameAs\":[\"http:\/\/www.davorzerjav.from.hr\",\"http:\/\/www.facebook.com\/davor.zerjav\"],\"url\":\"https:\/\/fotoklub-cakovec.hr\/wp\/author\/davorz\"}]}<\/script>\n<!-- \/ Yoast SEO plugin. -->","yoast_head_json":{"title":"Prva samostalna izlo\u017eba Davora \u017derjava - Fotoklub \u010cakovec","robots":{"index":"index","follow":"follow","max-snippet":"max-snippet:-1","max-image-preview":"max-image-preview:large","max-video-preview":"max-video-preview:-1"},"canonical":"https:\/\/fotoklub-cakovec.hr\/wp\/2016\/03\/prva-samostalna-izlozba-davora-zerjava","og_locale":"hr_HR","og_type":"article","og_title":"Prva samostalna izlo\u017eba Davora \u017derjava - Fotoklub \u010cakovec","og_description":"Dana 18. o\u017eujka 2016. u 19 sati u Galeriji Scheier u \u010cakovcu otvara se\u00a0prva samostalna izlo\u017eba Davora \u017derjava koja ozna\u010dava zavr\u0161etak projekta LICA. Izme\u0111u svibnja 2013. i prosinca 2015. \u017derjav je snimio 501 portret od kojih u velikom formatu izla\u017ee 25 portreta, a u malim formatima sve fotografije s projekta. Predgovor za izlo\u017ebu napisao je [&hellip;]","og_url":"https:\/\/fotoklub-cakovec.hr\/wp\/2016\/03\/prva-samostalna-izlozba-davora-zerjava","og_site_name":"Fotoklub \u010cakovec","article_author":"http:\/\/www.facebook.com\/davor.zerjav","article_published_time":"2016-03-13T09:00:40+00:00","article_modified_time":"2016-03-13T14:57:21+00:00","og_image":[{"url":"http:\/\/fotoklub-cakovec.hr\/wp\/wp-content\/uploads\/2016\/03\/LICA_pozivnica.jpg"}],"author":"Davor \u017derjav","twitter_card":"summary_large_image","twitter_misc":{"Napisao\/la":"Davor \u017derjav","Procijenjeno vrijeme \u010ditanja":"1 minuta"},"schema":{"@context":"https:\/\/schema.org","@graph":[{"@type":"WebPage","@id":"https:\/\/fotoklub-cakovec.hr\/wp\/2016\/03\/prva-samostalna-izlozba-davora-zerjava","url":"https:\/\/fotoklub-cakovec.hr\/wp\/2016\/03\/prva-samostalna-izlozba-davora-zerjava","name":"Prva samostalna izlo\u017eba Davora \u017derjava - Fotoklub \u010cakovec","isPartOf":{"@id":"https:\/\/fotoklub-cakovec.hr\/wp\/#website"},"datePublished":"2016-03-13T09:00:40+00:00","dateModified":"2016-03-13T14:57:21+00:00","author":{"@id":"https:\/\/fotoklub-cakovec.hr\/wp\/#\/schema\/person\/6085546602c6f579bef91c3c55c2f767"},"breadcrumb":{"@id":"https:\/\/fotoklub-cakovec.hr\/wp\/2016\/03\/prva-samostalna-izlozba-davora-zerjava#breadcrumb"},"inLanguage":"hr","potentialAction":[{"@type":"ReadAction","target":["https:\/\/fotoklub-cakovec.hr\/wp\/2016\/03\/prva-samostalna-izlozba-davora-zerjava"]}]},{"@type":"BreadcrumbList","@id":"https:\/\/fotoklub-cakovec.hr\/wp\/2016\/03\/prva-samostalna-izlozba-davora-zerjava#breadcrumb","itemListElement":[{"@type":"ListItem","position":1,"name":"Po\u010detna stranica","item":"https:\/\/fotoklub-cakovec.hr\/wp"},{"@type":"ListItem","position":2,"name":"Prva samostalna izlo\u017eba Davora \u017derjava"}]},{"@type":"WebSite","@id":"https:\/\/fotoklub-cakovec.hr\/wp\/#website","url":"https:\/\/fotoklub-cakovec.hr\/wp\/","name":"Fotoklub \u010cakovec","description":"Slu\u017ebene internet stranice fotokluba \u010cakovec","potentialAction":[{"@type":"SearchAction","target":{"@type":"EntryPoint","urlTemplate":"https:\/\/fotoklub-cakovec.hr\/wp\/?s={search_term_string}"},"query-input":"required name=search_term_string"}],"inLanguage":"hr"},{"@type":"Person","@id":"https:\/\/fotoklub-cakovec.hr\/wp\/#\/schema\/person\/6085546602c6f579bef91c3c55c2f767","name":"Davor \u017derjav","image":{"@type":"ImageObject","inLanguage":"hr","@id":"https:\/\/fotoklub-cakovec.hr\/wp\/#\/schema\/person\/image\/","url":"https:\/\/fotoklub-cakovec.hr\/wp\/wp-content\/uploads\/2017\/02\/IMG_9537_kvadrat_1094-96x96.jpg","contentUrl":"https:\/\/fotoklub-cakovec.hr\/wp\/wp-content\/uploads\/2017\/02\/IMG_9537_kvadrat_1094-96x96.jpg","caption":"Davor \u017derjav"},"description":"Davor \u017derjav je \u010dlan Fotokluba \u010cakovec od 2009., zaljubljenik u fotografiju, autor knjiga \"Promi\u0161ljati fotografski\", \"K\u00f4d fotografske slike\", \"LICA\" i \"Kreativna makrofotografija\" te pokreta\u010d Edukativne biblioteke Fotokluba \u010cakovec i biblioteke Fotomonografije Fotokluba \u010cakovec. U klubu u suradnji s kolegom Sini\u0161om Luda\u0161em - Pixinom vodi radionicu Portretna fotografija, s kolegom Davorinom Manceom vodi radionicu Prakti\u010dna reklamna fotografija, i Ljetnu \u0161kolu fotografije za djecu. Bavi se studijskom i portretnom fotografijom. http:\/\/davorzerjav.from.hr\/","sameAs":["http:\/\/www.davorzerjav.from.hr","http:\/\/www.facebook.com\/davor.zerjav"],"url":"https:\/\/fotoklub-cakovec.hr\/wp\/author\/davorz"}]}},"_links":{"self":[{"href":"https:\/\/fotoklub-cakovec.hr\/wp\/wp-json\/wp\/v2\/posts\/6066"}],"collection":[{"href":"https:\/\/fotoklub-cakovec.hr\/wp\/wp-json\/wp\/v2\/posts"}],"about":[{"href":"https:\/\/fotoklub-cakovec.hr\/wp\/wp-json\/wp\/v2\/types\/post"}],"author":[{"embeddable":true,"href":"https:\/\/fotoklub-cakovec.hr\/wp\/wp-json\/wp\/v2\/users\/10"}],"replies":[{"embeddable":true,"href":"https:\/\/fotoklub-cakovec.hr\/wp\/wp-json\/wp\/v2\/comments?post=6066"}],"version-history":[{"count":6,"href":"https:\/\/fotoklub-cakovec.hr\/wp\/wp-json\/wp\/v2\/posts\/6066\/revisions"}],"predecessor-version":[{"id":6073,"href":"https:\/\/fotoklub-cakovec.hr\/wp\/wp-json\/wp\/v2\/posts\/6066\/revisions\/6073"}],"wp:attachment":[{"href":"https:\/\/fotoklub-cakovec.hr\/wp\/wp-json\/wp\/v2\/media?parent=6066"}],"wp:term":[{"taxonomy":"category","embeddable":true,"href":"https:\/\/fotoklub-cakovec.hr\/wp\/wp-json\/wp\/v2\/categories?post=6066"},{"taxonomy":"post_tag","embeddable":true,"href":"https:\/\/fotoklub-cakovec.hr\/wp\/wp-json\/wp\/v2\/tags?post=6066"}],"curies":[{"name":"wp","href":"https:\/\/api.w.org\/{rel}","templated":true}]}}