{"id":577,"date":"2009-11-03T20:20:23","date_gmt":"2009-11-03T19:20:23","guid":{"rendered":"http:\/\/fotoklub-cakovec.hr\/wp\/?p=577"},"modified":"2010-09-01T15:57:07","modified_gmt":"2010-09-01T14:57:07","slug":"lisac","status":"publish","type":"post","link":"https:\/\/fotoklub-cakovec.hr\/wp\/2009\/11\/lisac","title":{"rendered":"\u201cPejza\u017ei\u201d Krunoslava Lisca u gostima kod Fotokluba \u010cakovec"},"content":{"rendered":"<p><img fetchpriority=\"high\" decoding=\"async\" class=\"alignleft size-full wp-image-578 colorbox-577\" title=\"d0910170057_800_600\" src=\"http:\/\/fotoklub-cakovec.hr\/wp\/wp-content\/uploads\/2009\/11\/d0910170057_800_600.jpg\" alt=\"d0910170057_800_600\" width=\"300\" height=\"225\" \/><\/p>\n<p style=\"text-align: justify;\">Fotoklub \u010cakovec Vas poziva\u00a0 na izlo\u017ebu umjetni\u010dke fotografije \u201dPejza\u017ei\u201d autora Krunoslava Lisca \u010dlana Fotokluba Zagreb. Izlo\u017eba je organizirana u suradnji sa Fotoklubom Zagreb. Krunoslav Lisac ro\u0111en je u Zagrebu 1963. Godine, a fotografijom se bavi ve\u0107\u00a0 od osnovne \u0161kole. Imat \u0107emo priliku vidjeti dvije serije fotografija koje su nastale u relativno kratkom vremenu. Prva\u00a0 serija fotografija su snimci prirode iz cijele kontinentalne Hrvatske, a druga serija pod nazivom \u201cMagla\u201d prikazuje prekrasne misti\u010dne pejza\u017ee. Otvorenje izlo\u017ebe \u0107e biti 06. studenog 2009., s po\u010detkom u 19 sati u galeriji Scheier. Izlo\u017eba \u0107e biti otvorena do 16. studenog 2009.<\/p>\n","protected":false},"excerpt":{"rendered":"<p>Fotoklub \u010cakovec Vas poziva\u00a0 na izlo\u017ebu umjetni\u010dke fotografije \u201dPejza\u017ei\u201d autora Krunoslava Lisca \u010dlana Fotokluba Zagreb. Izlo\u017eba je organizirana u suradnji sa Fotoklubom Zagreb. Krunoslav Lisac ro\u0111en je u Zagrebu 1963. Godine, a fotografijom se bavi ve\u0107\u00a0 od osnovne \u0161kole. Imat \u0107emo priliku vidjeti dvije serije fotografija koje su nastale u relativno kratkom vremenu. Prva\u00a0 serija [&hellip;]<\/p>\n","protected":false},"author":2,"featured_media":0,"comment_status":"closed","ping_status":"open","sticky":false,"template":"","format":"standard","meta":{"footnotes":""},"categories":[10],"tags":[],"yoast_head":"<!-- This site is optimized with the Yoast SEO plugin v22.1 - https:\/\/yoast.com\/wordpress\/plugins\/seo\/ -->\n<title>\u201cPejza\u017ei\u201d Krunoslava Lisca u gostima kod Fotokluba \u010cakovec - Fotoklub \u010cakovec<\/title>\n<meta name=\"robots\" content=\"index, follow, max-snippet:-1, max-image-preview:large, max-video-preview:-1\" \/>\n<link rel=\"canonical\" href=\"https:\/\/fotoklub-cakovec.hr\/wp\/2009\/11\/lisac\" \/>\n<meta property=\"og:locale\" content=\"hr_HR\" \/>\n<meta property=\"og:type\" content=\"article\" \/>\n<meta property=\"og:title\" content=\"\u201cPejza\u017ei\u201d Krunoslava Lisca u gostima kod Fotokluba \u010cakovec - Fotoklub \u010cakovec\" \/>\n<meta property=\"og:description\" content=\"Fotoklub \u010cakovec Vas poziva\u00a0 na izlo\u017ebu umjetni\u010dke fotografije \u201dPejza\u017ei\u201d autora Krunoslava Lisca \u010dlana Fotokluba Zagreb. Izlo\u017eba je organizirana u suradnji sa Fotoklubom Zagreb. Krunoslav Lisac ro\u0111en je u Zagrebu 1963. Godine, a fotografijom se bavi ve\u0107\u00a0 od osnovne \u0161kole. Imat \u0107emo priliku vidjeti dvije serije fotografija koje su nastale u relativno kratkom vremenu. Prva\u00a0 serija [&hellip;]\" \/>\n<meta property=\"og:url\" content=\"https:\/\/fotoklub-cakovec.hr\/wp\/2009\/11\/lisac\" \/>\n<meta property=\"og:site_name\" content=\"Fotoklub \u010cakovec\" \/>\n<meta property=\"article:published_time\" content=\"2009-11-03T19:20:23+00:00\" \/>\n<meta property=\"article:modified_time\" content=\"2010-09-01T14:57:07+00:00\" \/>\n<meta property=\"og:image\" content=\"http:\/\/fotoklub-cakovec.hr\/wp\/wp-content\/uploads\/2009\/11\/d0910170057_800_600.jpg\" \/>\n<meta name=\"author\" content=\"urednik\" \/>\n<meta name=\"twitter:card\" content=\"summary_large_image\" \/>\n<meta name=\"twitter:label1\" content=\"Napisao\/la\" \/>\n\t<meta name=\"twitter:data1\" content=\"urednik\" \/>\n\t<meta name=\"twitter:label2\" content=\"Procijenjeno vrijeme \u010ditanja\" \/>\n\t<meta name=\"twitter:data2\" content=\"1 minuta\" \/>\n<script type=\"application\/ld+json\" class=\"yoast-schema-graph\">{\"@context\":\"https:\/\/schema.org\",\"@graph\":[{\"@type\":\"WebPage\",\"@id\":\"https:\/\/fotoklub-cakovec.hr\/wp\/2009\/11\/lisac\",\"url\":\"https:\/\/fotoklub-cakovec.hr\/wp\/2009\/11\/lisac\",\"name\":\"\u201cPejza\u017ei\u201d Krunoslava Lisca u gostima kod Fotokluba \u010cakovec - Fotoklub \u010cakovec\",\"isPartOf\":{\"@id\":\"https:\/\/fotoklub-cakovec.hr\/wp\/#website\"},\"datePublished\":\"2009-11-03T19:20:23+00:00\",\"dateModified\":\"2010-09-01T14:57:07+00:00\",\"author\":{\"@id\":\"https:\/\/fotoklub-cakovec.hr\/wp\/#\/schema\/person\/f2bc5eef1aaf0823ac22207bc27c3d1c\"},\"breadcrumb\":{\"@id\":\"https:\/\/fotoklub-cakovec.hr\/wp\/2009\/11\/lisac#breadcrumb\"},\"inLanguage\":\"hr\",\"potentialAction\":[{\"@type\":\"ReadAction\",\"target\":[\"https:\/\/fotoklub-cakovec.hr\/wp\/2009\/11\/lisac\"]}]},{\"@type\":\"BreadcrumbList\",\"@id\":\"https:\/\/fotoklub-cakovec.hr\/wp\/2009\/11\/lisac#breadcrumb\",\"itemListElement\":[{\"@type\":\"ListItem\",\"position\":1,\"name\":\"Po\u010detna stranica\",\"item\":\"https:\/\/fotoklub-cakovec.hr\/wp\"},{\"@type\":\"ListItem\",\"position\":2,\"name\":\"\u201cPejza\u017ei\u201d Krunoslava Lisca u gostima kod Fotokluba \u010cakovec\"}]},{\"@type\":\"WebSite\",\"@id\":\"https:\/\/fotoklub-cakovec.hr\/wp\/#website\",\"url\":\"https:\/\/fotoklub-cakovec.hr\/wp\/\",\"name\":\"Fotoklub \u010cakovec\",\"description\":\"Slu\u017ebene internet stranice fotokluba \u010cakovec\",\"potentialAction\":[{\"@type\":\"SearchAction\",\"target\":{\"@type\":\"EntryPoint\",\"urlTemplate\":\"https:\/\/fotoklub-cakovec.hr\/wp\/?s={search_term_string}\"},\"query-input\":\"required name=search_term_string\"}],\"inLanguage\":\"hr\"},{\"@type\":\"Person\",\"@id\":\"https:\/\/fotoklub-cakovec.hr\/wp\/#\/schema\/person\/f2bc5eef1aaf0823ac22207bc27c3d1c\",\"name\":\"urednik\",\"image\":{\"@type\":\"ImageObject\",\"inLanguage\":\"hr\",\"@id\":\"https:\/\/fotoklub-cakovec.hr\/wp\/#\/schema\/person\/image\/\",\"url\":\"https:\/\/secure.gravatar.com\/avatar\/d0d66020249b56462d4831816f1f12b3?s=96&d=mm&r=g\",\"contentUrl\":\"https:\/\/secure.gravatar.com\/avatar\/d0d66020249b56462d4831816f1f12b3?s=96&d=mm&r=g\",\"caption\":\"urednik\"},\"sameAs\":[\"http:\/\/www.fotoklub-cakovec.hr\"],\"url\":\"https:\/\/fotoklub-cakovec.hr\/wp\/author\/urednik\"}]}<\/script>\n<!-- \/ Yoast SEO plugin. -->","yoast_head_json":{"title":"\u201cPejza\u017ei\u201d Krunoslava Lisca u gostima kod Fotokluba \u010cakovec - Fotoklub \u010cakovec","robots":{"index":"index","follow":"follow","max-snippet":"max-snippet:-1","max-image-preview":"max-image-preview:large","max-video-preview":"max-video-preview:-1"},"canonical":"https:\/\/fotoklub-cakovec.hr\/wp\/2009\/11\/lisac","og_locale":"hr_HR","og_type":"article","og_title":"\u201cPejza\u017ei\u201d Krunoslava Lisca u gostima kod Fotokluba \u010cakovec - Fotoklub \u010cakovec","og_description":"Fotoklub \u010cakovec Vas poziva\u00a0 na izlo\u017ebu umjetni\u010dke fotografije \u201dPejza\u017ei\u201d autora Krunoslava Lisca \u010dlana Fotokluba Zagreb. Izlo\u017eba je organizirana u suradnji sa Fotoklubom Zagreb. Krunoslav Lisac ro\u0111en je u Zagrebu 1963. Godine, a fotografijom se bavi ve\u0107\u00a0 od osnovne \u0161kole. Imat \u0107emo priliku vidjeti dvije serije fotografija koje su nastale u relativno kratkom vremenu. Prva\u00a0 serija [&hellip;]","og_url":"https:\/\/fotoklub-cakovec.hr\/wp\/2009\/11\/lisac","og_site_name":"Fotoklub \u010cakovec","article_published_time":"2009-11-03T19:20:23+00:00","article_modified_time":"2010-09-01T14:57:07+00:00","og_image":[{"url":"http:\/\/fotoklub-cakovec.hr\/wp\/wp-content\/uploads\/2009\/11\/d0910170057_800_600.jpg"}],"author":"urednik","twitter_card":"summary_large_image","twitter_misc":{"Napisao\/la":"urednik","Procijenjeno vrijeme \u010ditanja":"1 minuta"},"schema":{"@context":"https:\/\/schema.org","@graph":[{"@type":"WebPage","@id":"https:\/\/fotoklub-cakovec.hr\/wp\/2009\/11\/lisac","url":"https:\/\/fotoklub-cakovec.hr\/wp\/2009\/11\/lisac","name":"\u201cPejza\u017ei\u201d Krunoslava Lisca u gostima kod Fotokluba \u010cakovec - Fotoklub \u010cakovec","isPartOf":{"@id":"https:\/\/fotoklub-cakovec.hr\/wp\/#website"},"datePublished":"2009-11-03T19:20:23+00:00","dateModified":"2010-09-01T14:57:07+00:00","author":{"@id":"https:\/\/fotoklub-cakovec.hr\/wp\/#\/schema\/person\/f2bc5eef1aaf0823ac22207bc27c3d1c"},"breadcrumb":{"@id":"https:\/\/fotoklub-cakovec.hr\/wp\/2009\/11\/lisac#breadcrumb"},"inLanguage":"hr","potentialAction":[{"@type":"ReadAction","target":["https:\/\/fotoklub-cakovec.hr\/wp\/2009\/11\/lisac"]}]},{"@type":"BreadcrumbList","@id":"https:\/\/fotoklub-cakovec.hr\/wp\/2009\/11\/lisac#breadcrumb","itemListElement":[{"@type":"ListItem","position":1,"name":"Po\u010detna stranica","item":"https:\/\/fotoklub-cakovec.hr\/wp"},{"@type":"ListItem","position":2,"name":"\u201cPejza\u017ei\u201d Krunoslava Lisca u gostima kod Fotokluba \u010cakovec"}]},{"@type":"WebSite","@id":"https:\/\/fotoklub-cakovec.hr\/wp\/#website","url":"https:\/\/fotoklub-cakovec.hr\/wp\/","name":"Fotoklub \u010cakovec","description":"Slu\u017ebene internet stranice fotokluba \u010cakovec","potentialAction":[{"@type":"SearchAction","target":{"@type":"EntryPoint","urlTemplate":"https:\/\/fotoklub-cakovec.hr\/wp\/?s={search_term_string}"},"query-input":"required name=search_term_string"}],"inLanguage":"hr"},{"@type":"Person","@id":"https:\/\/fotoklub-cakovec.hr\/wp\/#\/schema\/person\/f2bc5eef1aaf0823ac22207bc27c3d1c","name":"urednik","image":{"@type":"ImageObject","inLanguage":"hr","@id":"https:\/\/fotoklub-cakovec.hr\/wp\/#\/schema\/person\/image\/","url":"https:\/\/secure.gravatar.com\/avatar\/d0d66020249b56462d4831816f1f12b3?s=96&d=mm&r=g","contentUrl":"https:\/\/secure.gravatar.com\/avatar\/d0d66020249b56462d4831816f1f12b3?s=96&d=mm&r=g","caption":"urednik"},"sameAs":["http:\/\/www.fotoklub-cakovec.hr"],"url":"https:\/\/fotoklub-cakovec.hr\/wp\/author\/urednik"}]}},"_links":{"self":[{"href":"https:\/\/fotoklub-cakovec.hr\/wp\/wp-json\/wp\/v2\/posts\/577"}],"collection":[{"href":"https:\/\/fotoklub-cakovec.hr\/wp\/wp-json\/wp\/v2\/posts"}],"about":[{"href":"https:\/\/fotoklub-cakovec.hr\/wp\/wp-json\/wp\/v2\/types\/post"}],"author":[{"embeddable":true,"href":"https:\/\/fotoklub-cakovec.hr\/wp\/wp-json\/wp\/v2\/users\/2"}],"replies":[{"embeddable":true,"href":"https:\/\/fotoklub-cakovec.hr\/wp\/wp-json\/wp\/v2\/comments?post=577"}],"version-history":[{"count":9,"href":"https:\/\/fotoklub-cakovec.hr\/wp\/wp-json\/wp\/v2\/posts\/577\/revisions"}],"predecessor-version":[{"id":991,"href":"https:\/\/fotoklub-cakovec.hr\/wp\/wp-json\/wp\/v2\/posts\/577\/revisions\/991"}],"wp:attachment":[{"href":"https:\/\/fotoklub-cakovec.hr\/wp\/wp-json\/wp\/v2\/media?parent=577"}],"wp:term":[{"taxonomy":"category","embeddable":true,"href":"https:\/\/fotoklub-cakovec.hr\/wp\/wp-json\/wp\/v2\/categories?post=577"},{"taxonomy":"post_tag","embeddable":true,"href":"https:\/\/fotoklub-cakovec.hr\/wp\/wp-json\/wp\/v2\/tags?post=577"}],"curies":[{"name":"wp","href":"https:\/\/api.w.org\/{rel}","templated":true}]}}