{"id":5633,"date":"2015-01-14T17:00:43","date_gmt":"2015-01-14T16:00:43","guid":{"rendered":"http:\/\/fotoklub-cakovec.hr\/wp\/?p=5633"},"modified":"2015-01-11T16:19:22","modified_gmt":"2015-01-11T15:19:22","slug":"iza-fotografije-marko-gotal","status":"publish","type":"post","link":"https:\/\/fotoklub-cakovec.hr\/wp\/2015\/01\/iza-fotografije-marko-gotal","title":{"rendered":"Iza fotografije: Marko Gotal"},"content":{"rendered":"<p style=\"text-align: justify;\">U novom nastavku na\u0161eg serijala, ve\u0107 10. po redu! Predstavljamo vam Marka Gotala i njegovu fotografiju jedne <em>nabrijane pile.<\/em><\/p>\n<p><a href=\"http:\/\/fotoklub-cakovec.hr\/wp\/wp-content\/uploads\/2015\/01\/iza_fotografije_Marko_Gotal.jpg\"><img fetchpriority=\"high\" decoding=\"async\" class=\"alignnone wp-image-5634 colorbox-5633\" src=\"http:\/\/fotoklub-cakovec.hr\/wp\/wp-content\/uploads\/2015\/01\/iza_fotografije_Marko_Gotal.jpg\" alt=\"iza_fotografije_Marko_Gotal\" width=\"720\" height=\"480\" srcset=\"https:\/\/fotoklub-cakovec.hr\/wp\/wp-content\/uploads\/2015\/01\/iza_fotografije_Marko_Gotal.jpg 1200w, https:\/\/fotoklub-cakovec.hr\/wp\/wp-content\/uploads\/2015\/01\/iza_fotografije_Marko_Gotal-300x200.jpg 300w, https:\/\/fotoklub-cakovec.hr\/wp\/wp-content\/uploads\/2015\/01\/iza_fotografije_Marko_Gotal-1024x683.jpg 1024w, https:\/\/fotoklub-cakovec.hr\/wp\/wp-content\/uploads\/2015\/01\/iza_fotografije_Marko_Gotal-735x490.jpg 735w, https:\/\/fotoklub-cakovec.hr\/wp\/wp-content\/uploads\/2015\/01\/iza_fotografije_Marko_Gotal-368x245.jpg 368w\" sizes=\"(max-width: 720px) 100vw, 720px\" \/><\/a><\/p>\n<p><!--more--><br \/>\n<strong>Osim fotografije i glazbe, voli\u0161 i automobile. Reci nam za\u0161to si radio ovu fotografiju.<\/strong><\/p>\n<p style=\"text-align: justify;\">Odmalena sam zaljubljen u automobile i sve ostalo \u0161to ima kota\u010de. Nekima su oni puno vi\u0161e od pukog prijevoznog sredstva i puno je vremena, truda i ljubavi ulo\u017eeno u njih. Znam kakve se emocije i strasti ve\u017eu uz automobile, pa sam upravo to \u017eelio prenijeti i na ovu fotografiju. A mislim da nema boljega nego svu tu ljubav i ulo\u017eeni trud, ovjekovje\u010diti jednom fotografijom kakvom taj automobil i zaslu\u017euje.<\/p>\n<p style=\"text-align: justify;\"><strong>Ova je jedna od serije fotografija istog &#8220;modela&#8221;. Opi\u0161i nam proces nastajanja fotografije, gdje si fotografirao, mo\u017eda zamke vezane uz samo snimanje ili lokaciju?<\/strong><\/p>\n<p style=\"text-align: justify;\">Ova serija nastala je u podzemnoj gara\u017ei u Vara\u017edinu. Kod fotografiranja automobila bitna je lokacija jer \u017eelimo &#8220;karakter&#8221; automobila prikazati u njegovom najboljem okru\u017eenju. Zamke kod ovakvog fotografiranja su svakako refleksije. Potrebno je prona\u0107i \u0161to bolji kut kako nam nepotrebni detalji ne bih odvla\u010dili pozornost s na\u0161eg modela. S druge strane, upravo te refleksije nam slu\u017ee i kao alat da naglasimo sve te predivne obline i linije na automobilu.<\/p>\n<p style=\"text-align: justify;\"><strong>Na \u0161to treba obraditi pozornost pri obradi ovakvih fotografija, ima\u0161 li kakav savjet za podijeliti?<\/strong><\/p>\n<p style=\"text-align: justify;\">Pa kao i u bilo kojoj vrsti fotografije, bitno je najve\u0107i dio posla odraditi na terenu. Ako je sirova fotografija dobra, onda se obrada svodi na nekoliko kliza\u010da. Ovdje ve\u0107 i sirova fotografija izgleda dosta nabrijano (zbog lokacije i izgleda samog automobila), pa se ovdje obrada svodi na kontrast i boje. Sve je odra\u0111eno u Lightroom-u i njegovih nekoliko kliza\u010da.<\/p>\n<p style=\"text-align: justify;\"><strong>Za kraj, gdje se mo\u017ee vidjeti vi\u0161e tvojih fotografija, i \u017eeli li te tko kontaktirati za nekakavo sli\u010dno fotografiranje, gdje to mo\u017ee?<\/strong><\/p>\n<p style=\"text-align: justify;\">Za sada se moji radovi mogu pratiti na mojoj <a href=\"https:\/\/www.facebook.com\/marko.gotal.1\" target=\"_blank\">facebook<\/a> stranici. Za sli\u010dna fotografiranja mo\u017eete me kontaktirati na: <a href=\"mailto:markogotalvz@gmail.com\" target=\"_blank\">markogotalvz@gmail.com<\/a>. Bilo bi lijepo ovjekovje\u010diti jo\u0161 koji ovako dobar automobil i hvaliti se unucima kakve smo pile vozili.<\/p>\n<p style=\"text-align: justify;\">Marko se u fotoklubu profilirao kao fotograf prvenstveno pejza\u017ea. Mogao sam za predstavljanje odabrati bilo koji od njih, ni s jednim ne bih pogrije\u0161io. No kao i kod nekoliko autora prije, \u017eelio sam ga predstaviti s ne\u010dim malo druga\u010dijim od onog \u0161to se ve\u017ee uz njega kao fotografa. Kako bilo da bilo, ova fotografija izgleda mo\u010dno kao i automobil koji je na njoj. Srebrna boja auta vrlo dobro ide sa plavosivom gara\u017eom i\u00a0 da se poigram rije\u010dima, ovo je ba\u0161 <em>cool<\/em> fotografija.<\/p>\n","protected":false},"excerpt":{"rendered":"<p>U novom nastavku na\u0161eg serijala, ve\u0107 10. po redu! Predstavljamo vam Marka Gotala i njegovu fotografiju jedne nabrijane pile.<\/p>\n","protected":false},"author":6,"featured_media":0,"comment_status":"open","ping_status":"closed","sticky":false,"template":"","format":"standard","meta":{"footnotes":""},"categories":[600],"tags":[688,689,539,690,691,692],"yoast_head":"<!-- This site is optimized with the Yoast SEO plugin v22.1 - https:\/\/yoast.com\/wordpress\/plugins\/seo\/ -->\n<title>Iza fotografije: Marko Gotal - Fotoklub \u010cakovec<\/title>\n<meta name=\"robots\" content=\"index, follow, max-snippet:-1, max-image-preview:large, max-video-preview:-1\" \/>\n<link rel=\"canonical\" href=\"https:\/\/fotoklub-cakovec.hr\/wp\/2015\/01\/iza-fotografije-marko-gotal\" \/>\n<meta property=\"og:locale\" content=\"hr_HR\" \/>\n<meta property=\"og:type\" content=\"article\" \/>\n<meta property=\"og:title\" content=\"Iza fotografije: Marko Gotal - Fotoklub \u010cakovec\" \/>\n<meta property=\"og:description\" content=\"U novom nastavku na\u0161eg serijala, ve\u0107 10. po redu! Predstavljamo vam Marka Gotala i njegovu fotografiju jedne nabrijane pile.\" \/>\n<meta property=\"og:url\" content=\"https:\/\/fotoklub-cakovec.hr\/wp\/2015\/01\/iza-fotografije-marko-gotal\" \/>\n<meta property=\"og:site_name\" content=\"Fotoklub \u010cakovec\" \/>\n<meta property=\"article:author\" content=\"https:\/\/www.facebook.com\/FilipLucin\" \/>\n<meta property=\"article:published_time\" content=\"2015-01-14T16:00:43+00:00\" \/>\n<meta property=\"article:modified_time\" content=\"2015-01-11T15:19:22+00:00\" \/>\n<meta property=\"og:image\" content=\"http:\/\/fotoklub-cakovec.hr\/wp\/wp-content\/uploads\/2015\/01\/iza_fotografije_Marko_Gotal.jpg\" \/>\n<meta name=\"author\" content=\"Filip Lu\u010din\" \/>\n<meta name=\"twitter:card\" content=\"summary_large_image\" \/>\n<meta name=\"twitter:label1\" content=\"Napisao\/la\" \/>\n\t<meta name=\"twitter:data1\" content=\"Filip Lu\u010din\" \/>\n\t<meta name=\"twitter:label2\" content=\"Procijenjeno vrijeme \u010ditanja\" \/>\n\t<meta name=\"twitter:data2\" content=\"2 minute\" \/>\n<script type=\"application\/ld+json\" class=\"yoast-schema-graph\">{\"@context\":\"https:\/\/schema.org\",\"@graph\":[{\"@type\":\"WebPage\",\"@id\":\"https:\/\/fotoklub-cakovec.hr\/wp\/2015\/01\/iza-fotografije-marko-gotal\",\"url\":\"https:\/\/fotoklub-cakovec.hr\/wp\/2015\/01\/iza-fotografije-marko-gotal\",\"name\":\"Iza fotografije: Marko Gotal - Fotoklub \u010cakovec\",\"isPartOf\":{\"@id\":\"https:\/\/fotoklub-cakovec.hr\/wp\/#website\"},\"datePublished\":\"2015-01-14T16:00:43+00:00\",\"dateModified\":\"2015-01-11T15:19:22+00:00\",\"author\":{\"@id\":\"https:\/\/fotoklub-cakovec.hr\/wp\/#\/schema\/person\/893483c3bc80659eb679fa6f9560fb2e\"},\"breadcrumb\":{\"@id\":\"https:\/\/fotoklub-cakovec.hr\/wp\/2015\/01\/iza-fotografije-marko-gotal#breadcrumb\"},\"inLanguage\":\"hr\",\"potentialAction\":[{\"@type\":\"ReadAction\",\"target\":[\"https:\/\/fotoklub-cakovec.hr\/wp\/2015\/01\/iza-fotografije-marko-gotal\"]}]},{\"@type\":\"BreadcrumbList\",\"@id\":\"https:\/\/fotoklub-cakovec.hr\/wp\/2015\/01\/iza-fotografije-marko-gotal#breadcrumb\",\"itemListElement\":[{\"@type\":\"ListItem\",\"position\":1,\"name\":\"Po\u010detna stranica\",\"item\":\"https:\/\/fotoklub-cakovec.hr\/wp\"},{\"@type\":\"ListItem\",\"position\":2,\"name\":\"Iza fotografije: Marko Gotal\"}]},{\"@type\":\"WebSite\",\"@id\":\"https:\/\/fotoklub-cakovec.hr\/wp\/#website\",\"url\":\"https:\/\/fotoklub-cakovec.hr\/wp\/\",\"name\":\"Fotoklub \u010cakovec\",\"description\":\"Slu\u017ebene internet stranice fotokluba \u010cakovec\",\"potentialAction\":[{\"@type\":\"SearchAction\",\"target\":{\"@type\":\"EntryPoint\",\"urlTemplate\":\"https:\/\/fotoklub-cakovec.hr\/wp\/?s={search_term_string}\"},\"query-input\":\"required name=search_term_string\"}],\"inLanguage\":\"hr\"},{\"@type\":\"Person\",\"@id\":\"https:\/\/fotoklub-cakovec.hr\/wp\/#\/schema\/person\/893483c3bc80659eb679fa6f9560fb2e\",\"name\":\"Filip Lu\u010din\",\"image\":{\"@type\":\"ImageObject\",\"inLanguage\":\"hr\",\"@id\":\"https:\/\/fotoklub-cakovec.hr\/wp\/#\/schema\/person\/image\/\",\"url\":\"https:\/\/fotoklub-cakovec.hr\/wp\/wp-content\/uploads\/2013\/05\/LICA_2013_07_10_soho_Lucin_Filip_1979-web-150x150.jpg\",\"contentUrl\":\"https:\/\/fotoklub-cakovec.hr\/wp\/wp-content\/uploads\/2013\/05\/LICA_2013_07_10_soho_Lucin_Filip_1979-web-150x150.jpg\",\"caption\":\"Filip Lu\u010din\"},\"description\":\"Fotografijom se aktivno bavim od 2007. g. Pejza\u017ena fotografija mi je strast i zadovoljstvo, a usto volim dijeliti znanje koje stje\u010dem na terenu, prate\u0107i literaturu i druge fotografe. \u010clan sam fotokluba od samih po\u010detaka. Tajnik kluba od 2009. Tako\u0111er sam jedan od predava\u010da na radionicama Osnova digitalne fotografije, te na pejza\u017enim radionicama. Do sad sam sudjelovao u vi\u0161e skupnih izlo\u017eaba te sam imao samostalnu izlo\u017ebu \\\"\u010cetiri godi\u0161nja doba\\\" u Gimnaziji \u010cakovec. \u010clan uredni\u0161tva u knjigama u izdanju fotokluba.\",\"sameAs\":[\"http:\/\/filiplucin.from.hr\",\"https:\/\/www.facebook.com\/FilipLucin\"],\"url\":\"https:\/\/fotoklub-cakovec.hr\/wp\/author\/filiplucin\"}]}<\/script>\n<!-- \/ Yoast SEO plugin. -->","yoast_head_json":{"title":"Iza fotografije: Marko Gotal - Fotoklub \u010cakovec","robots":{"index":"index","follow":"follow","max-snippet":"max-snippet:-1","max-image-preview":"max-image-preview:large","max-video-preview":"max-video-preview:-1"},"canonical":"https:\/\/fotoklub-cakovec.hr\/wp\/2015\/01\/iza-fotografije-marko-gotal","og_locale":"hr_HR","og_type":"article","og_title":"Iza fotografije: Marko Gotal - Fotoklub \u010cakovec","og_description":"U novom nastavku na\u0161eg serijala, ve\u0107 10. po redu! Predstavljamo vam Marka Gotala i njegovu fotografiju jedne nabrijane pile.","og_url":"https:\/\/fotoklub-cakovec.hr\/wp\/2015\/01\/iza-fotografije-marko-gotal","og_site_name":"Fotoklub \u010cakovec","article_author":"https:\/\/www.facebook.com\/FilipLucin","article_published_time":"2015-01-14T16:00:43+00:00","article_modified_time":"2015-01-11T15:19:22+00:00","og_image":[{"url":"http:\/\/fotoklub-cakovec.hr\/wp\/wp-content\/uploads\/2015\/01\/iza_fotografije_Marko_Gotal.jpg"}],"author":"Filip Lu\u010din","twitter_card":"summary_large_image","twitter_misc":{"Napisao\/la":"Filip Lu\u010din","Procijenjeno vrijeme \u010ditanja":"2 minute"},"schema":{"@context":"https:\/\/schema.org","@graph":[{"@type":"WebPage","@id":"https:\/\/fotoklub-cakovec.hr\/wp\/2015\/01\/iza-fotografije-marko-gotal","url":"https:\/\/fotoklub-cakovec.hr\/wp\/2015\/01\/iza-fotografije-marko-gotal","name":"Iza fotografije: Marko Gotal - Fotoklub \u010cakovec","isPartOf":{"@id":"https:\/\/fotoklub-cakovec.hr\/wp\/#website"},"datePublished":"2015-01-14T16:00:43+00:00","dateModified":"2015-01-11T15:19:22+00:00","author":{"@id":"https:\/\/fotoklub-cakovec.hr\/wp\/#\/schema\/person\/893483c3bc80659eb679fa6f9560fb2e"},"breadcrumb":{"@id":"https:\/\/fotoklub-cakovec.hr\/wp\/2015\/01\/iza-fotografije-marko-gotal#breadcrumb"},"inLanguage":"hr","potentialAction":[{"@type":"ReadAction","target":["https:\/\/fotoklub-cakovec.hr\/wp\/2015\/01\/iza-fotografije-marko-gotal"]}]},{"@type":"BreadcrumbList","@id":"https:\/\/fotoklub-cakovec.hr\/wp\/2015\/01\/iza-fotografije-marko-gotal#breadcrumb","itemListElement":[{"@type":"ListItem","position":1,"name":"Po\u010detna stranica","item":"https:\/\/fotoklub-cakovec.hr\/wp"},{"@type":"ListItem","position":2,"name":"Iza fotografije: Marko Gotal"}]},{"@type":"WebSite","@id":"https:\/\/fotoklub-cakovec.hr\/wp\/#website","url":"https:\/\/fotoklub-cakovec.hr\/wp\/","name":"Fotoklub \u010cakovec","description":"Slu\u017ebene internet stranice fotokluba \u010cakovec","potentialAction":[{"@type":"SearchAction","target":{"@type":"EntryPoint","urlTemplate":"https:\/\/fotoklub-cakovec.hr\/wp\/?s={search_term_string}"},"query-input":"required name=search_term_string"}],"inLanguage":"hr"},{"@type":"Person","@id":"https:\/\/fotoklub-cakovec.hr\/wp\/#\/schema\/person\/893483c3bc80659eb679fa6f9560fb2e","name":"Filip Lu\u010din","image":{"@type":"ImageObject","inLanguage":"hr","@id":"https:\/\/fotoklub-cakovec.hr\/wp\/#\/schema\/person\/image\/","url":"https:\/\/fotoklub-cakovec.hr\/wp\/wp-content\/uploads\/2013\/05\/LICA_2013_07_10_soho_Lucin_Filip_1979-web-150x150.jpg","contentUrl":"https:\/\/fotoklub-cakovec.hr\/wp\/wp-content\/uploads\/2013\/05\/LICA_2013_07_10_soho_Lucin_Filip_1979-web-150x150.jpg","caption":"Filip Lu\u010din"},"description":"Fotografijom se aktivno bavim od 2007. g. Pejza\u017ena fotografija mi je strast i zadovoljstvo, a usto volim dijeliti znanje koje stje\u010dem na terenu, prate\u0107i literaturu i druge fotografe. \u010clan sam fotokluba od samih po\u010detaka. Tajnik kluba od 2009. Tako\u0111er sam jedan od predava\u010da na radionicama Osnova digitalne fotografije, te na pejza\u017enim radionicama. Do sad sam sudjelovao u vi\u0161e skupnih izlo\u017eaba te sam imao samostalnu izlo\u017ebu \"\u010cetiri godi\u0161nja doba\" u Gimnaziji \u010cakovec. \u010clan uredni\u0161tva u knjigama u izdanju fotokluba.","sameAs":["http:\/\/filiplucin.from.hr","https:\/\/www.facebook.com\/FilipLucin"],"url":"https:\/\/fotoklub-cakovec.hr\/wp\/author\/filiplucin"}]}},"_links":{"self":[{"href":"https:\/\/fotoklub-cakovec.hr\/wp\/wp-json\/wp\/v2\/posts\/5633"}],"collection":[{"href":"https:\/\/fotoklub-cakovec.hr\/wp\/wp-json\/wp\/v2\/posts"}],"about":[{"href":"https:\/\/fotoklub-cakovec.hr\/wp\/wp-json\/wp\/v2\/types\/post"}],"author":[{"embeddable":true,"href":"https:\/\/fotoklub-cakovec.hr\/wp\/wp-json\/wp\/v2\/users\/6"}],"replies":[{"embeddable":true,"href":"https:\/\/fotoklub-cakovec.hr\/wp\/wp-json\/wp\/v2\/comments?post=5633"}],"version-history":[{"count":4,"href":"https:\/\/fotoklub-cakovec.hr\/wp\/wp-json\/wp\/v2\/posts\/5633\/revisions"}],"predecessor-version":[{"id":5638,"href":"https:\/\/fotoklub-cakovec.hr\/wp\/wp-json\/wp\/v2\/posts\/5633\/revisions\/5638"}],"wp:attachment":[{"href":"https:\/\/fotoklub-cakovec.hr\/wp\/wp-json\/wp\/v2\/media?parent=5633"}],"wp:term":[{"taxonomy":"category","embeddable":true,"href":"https:\/\/fotoklub-cakovec.hr\/wp\/wp-json\/wp\/v2\/categories?post=5633"},{"taxonomy":"post_tag","embeddable":true,"href":"https:\/\/fotoklub-cakovec.hr\/wp\/wp-json\/wp\/v2\/tags?post=5633"}],"curies":[{"name":"wp","href":"https:\/\/api.w.org\/{rel}","templated":true}]}}