{"id":5626,"date":"2015-01-12T16:16:29","date_gmt":"2015-01-12T15:16:29","guid":{"rendered":"http:\/\/fotoklub-cakovec.hr\/wp\/?p=5626"},"modified":"2015-01-12T16:17:05","modified_gmt":"2015-01-12T15:17:05","slug":"fotografski-motiv-pejzaz-bez-neba","status":"publish","type":"post","link":"https:\/\/fotoklub-cakovec.hr\/wp\/2015\/01\/fotografski-motiv-pejzaz-bez-neba","title":{"rendered":"Fotografski motiv, pejza\u017e bez neba."},"content":{"rendered":"<p style=\"text-align: justify;\"><a href=\"http:\/\/fotoklub-cakovec.hr\/wp\/wp-content\/uploads\/2015\/01\/Pejza\u017ei-bez-neba-12-mm.jpg\"><img fetchpriority=\"high\" decoding=\"async\" class=\"alignnone size-full wp-image-5627 colorbox-5626\" src=\"http:\/\/fotoklub-cakovec.hr\/wp\/wp-content\/uploads\/2015\/01\/Pejza\u017ei-bez-neba-12-mm.jpg\" alt=\"Pejza\u017ei bez neba - 12 mm\" width=\"720\" height=\"477\" srcset=\"https:\/\/fotoklub-cakovec.hr\/wp\/wp-content\/uploads\/2015\/01\/Pejza\u017ei-bez-neba-12-mm.jpg 720w, https:\/\/fotoklub-cakovec.hr\/wp\/wp-content\/uploads\/2015\/01\/Pejza\u017ei-bez-neba-12-mm-300x199.jpg 300w, https:\/\/fotoklub-cakovec.hr\/wp\/wp-content\/uploads\/2015\/01\/Pejza\u017ei-bez-neba-12-mm-370x245.jpg 370w\" sizes=\"(max-width: 720px) 100vw, 720px\" \/><\/a><\/p>\n<p style=\"text-align: justify;\">Navikli smo da se fotografije pejza\u017ea sastoje od nekoliko planova i kao zavr\u0161ni za\u010din, odnosno zadnji plan bude nebo pro\u0161arano oblacima. No\u0107no \u0107e nebo ako ve\u0107 nemamo oblake obi\u010dno ukrasiti zvijezde ili mjesec.<br \/>\n<!--more--><br \/>\nAko nam je nebo prazno, \u010desto \u0107emo ga na fotografiju <a href=\"http:\/\/fotoklub-cakovec.hr\/wp\/2013\/01\/fotografija-pejzaza-svjetlo-je-kralj\" target=\"_blank\">uklju\u010diti samo u tragovima<\/a>. Promi\u0161ljaju\u0107i o tome, zapitao sam se kada se odlu\u010dujem za fotografiju pejza\u017ea bez neba, a da to nije <a href=\"http:\/\/fotoklub-cakovec.hr\/wp\/2014\/12\/intimni-pejzaz\" target=\"_blank\">intimni pejza\u017e<\/a> ili detalj poput slapa ili polja s makovima, nego ne\u0161to \u0161to bi mogli nazvati ve\u0107im pejza\u017eom. Naravno i ti detalji koje sam napomenuo jesu dio pejza\u017ea i jesu fotografije pejza\u017ea, no nekako je logi\u010dno da fotografiraju\u0107i ih ne uklju\u010dujemo nebo i ostale elemente.<\/p>\n<p style=\"text-align: justify;\">Pro\u0161etao sam kroz pro\u0161logodi\u0161nju arhivu i odlu\u010dio potra\u017eiti nekoliko fotografija na koje nisam uklju\u010dio nebo i napisati vam a tako pojasniti i sebi za\u0161to sam se odlu\u010dio ba\u0161 za takve kadrove.<\/p>\n<p style=\"text-align: justify;\">Fotografija na vrhu ovog \u010dlanka nastala je na jesen u kanjonu Kama\u010dnik u Gorskom Kotaru. Svi koji ste bili u kanjonima znate da nailazimo na problem velikog dinami\u010dkog raspona scene jer je nebo mnogo svijetlije od dna kanjona. Na dan kad sam ja bio tamo, bio je melankoli\u010dan, sivkasti dan pa uklju\u010divanje neba ionako nije bila neka opcija.\u00a0 U povratku s kraja, odnosno izvora Kama\u010dnika primjetio sam ovo zanimljivo stablo kore prekrivene mahovinom koje je kao starac ruke, pru\u017eilo svoje \u010dvoraste grane iznad zelene i bistre vode.\u00a0 Da bi u kadar uklju\u010dio nebo, morao bih se spustiti ni\u017ee, izgubio bi se pogled na vodu a stablo bi dobilo sasvim drugi karakter i pri\u010da o starcu vi\u0161e ne bi dr\u017eala vodu. Ovu fotografiju napravio sam \u0161irokokutnim objektivom na 12mm.<\/p>\n<p style=\"text-align: justify;\"><a href=\"http:\/\/fotoklub-cakovec.hr\/wp\/wp-content\/uploads\/2015\/01\/Pejza\u017ei-bez-neba-28mm.jpg\"><img decoding=\"async\" class=\"alignnone size-full wp-image-5628 colorbox-5626\" src=\"http:\/\/fotoklub-cakovec.hr\/wp\/wp-content\/uploads\/2015\/01\/Pejza\u017ei-bez-neba-28mm.jpg\" alt=\"Pejza\u017ei bez neba - 28mm\" width=\"477\" height=\"720\" srcset=\"https:\/\/fotoklub-cakovec.hr\/wp\/wp-content\/uploads\/2015\/01\/Pejza\u017ei-bez-neba-28mm.jpg 477w, https:\/\/fotoklub-cakovec.hr\/wp\/wp-content\/uploads\/2015\/01\/Pejza\u017ei-bez-neba-28mm-199x300.jpg 199w, https:\/\/fotoklub-cakovec.hr\/wp\/wp-content\/uploads\/2015\/01\/Pejza\u017ei-bez-neba-28mm-325x490.jpg 325w, https:\/\/fotoklub-cakovec.hr\/wp\/wp-content\/uploads\/2015\/01\/Pejza\u017ei-bez-neba-28mm-162x245.jpg 162w\" sizes=\"(max-width: 477px) 100vw, 477px\" \/><\/a><\/p>\n<p style=\"text-align: justify;\">\nJo\u0161 jedna scena iz kanjona Kama\u010dnika. Ovakvim kadriranjem i dalje relativno \u0161irokokutnim objektivom (28mm) odlu\u010dio sam prikazati put pokriven crvenim otpalim li\u0161\u0107em\u00a0 u kontrastu s jo\u0161 uvijek zelenim rastlinjem kao prednji plan maglici koja se lijeno vukla preko vode. Uklju\u010divanje neba ovdje bi tra\u017eilo puno \u0161iri objektiv \u0161to bi zna\u010dilo da bih se morao ili spustiti mnogo ni\u017ee i puteljku i maglici nad vodom dati mnogo manje prostora ili pak se odmaknuti vi\u0161e unazad no time bi na fotografiji jako umanjio i veli\u010dinu i zna\u010daj puteljka i maglice koji sam im dao ovakvim kadriranjem.<\/p>\n<p style=\"text-align: justify;\"><a href=\"http:\/\/fotoklub-cakovec.hr\/wp\/wp-content\/uploads\/2015\/01\/Pejza\u017ei-bez-neba-92-mm.jpg\"><img decoding=\"async\" class=\"alignnone size-full wp-image-5629 colorbox-5626\" src=\"http:\/\/fotoklub-cakovec.hr\/wp\/wp-content\/uploads\/2015\/01\/Pejza\u017ei-bez-neba-92-mm.jpg\" alt=\"Pejza\u017ei bez neba- 92 mm\" width=\"720\" height=\"477\" srcset=\"https:\/\/fotoklub-cakovec.hr\/wp\/wp-content\/uploads\/2015\/01\/Pejza\u017ei-bez-neba-92-mm.jpg 720w, https:\/\/fotoklub-cakovec.hr\/wp\/wp-content\/uploads\/2015\/01\/Pejza\u017ei-bez-neba-92-mm-300x199.jpg 300w, https:\/\/fotoklub-cakovec.hr\/wp\/wp-content\/uploads\/2015\/01\/Pejza\u017ei-bez-neba-92-mm-370x245.jpg 370w\" sizes=\"(max-width: 720px) 100vw, 720px\" \/><\/a><\/p>\n<p style=\"text-align: justify;\">Kadar je, usudio bih se re\u0107i kamen temeljac dobre fotografije. Od njega sve kre\u0107e i nastavlja se ostalim elementima, na ovoj fotografiji kadrom sam \u017eelio prikazati pomalo bajkovitu atmosferu u kojoj je vinograd sitan, brijeg blago zaobljen a ku\u0107a i stablo iza nje omaleni u odnosu prema \u0161umi u pozadini. Pogledate li pa\u017eljivo, vidjet \u0107ete i nekoliko osoba koje \u0161e\u0107u puteljkom ispod \u0161ume. Fotografija je nastala u bre\u017enom djelu Me\u0111imurja, a koristio sam teleobjektiv postavljen na 92mm. Na\u017ealost, samo nekoliko minuta sam zakasnio da mi svjetlo zalaze\u0107eg sunce oboja cijelu \u0161umu. Neuklju\u010divanjem neba ispri\u010dao sam vam ovu pri\u010du. Jer, da sam u fotografiju uklju\u010dio i brijeg koji se uzdi\u017ee u pozadini i nebo iznad njega, vinograd bi postao \u017eutozelena mrlja, ku\u0107ica postala minijaturna a \u0161uma u pozadini bi postala \u0161umarak i to vi\u0161e ne bi bilo to.<\/p>\n<p style=\"text-align: justify;\"><a href=\"http:\/\/fotoklub-cakovec.hr\/wp\/wp-content\/uploads\/2015\/01\/Pejza\u017ei-bez-neba-3-300-mm.jpg\"><img loading=\"lazy\" decoding=\"async\" class=\"alignnone size-full wp-image-5630 colorbox-5626\" src=\"http:\/\/fotoklub-cakovec.hr\/wp\/wp-content\/uploads\/2015\/01\/Pejza\u017ei-bez-neba-3-300-mm.jpg\" alt=\"Pejza\u017ei bez neba 3 - 300 mm\" width=\"720\" height=\"480\" srcset=\"https:\/\/fotoklub-cakovec.hr\/wp\/wp-content\/uploads\/2015\/01\/Pejza\u017ei-bez-neba-3-300-mm.jpg 720w, https:\/\/fotoklub-cakovec.hr\/wp\/wp-content\/uploads\/2015\/01\/Pejza\u017ei-bez-neba-3-300-mm-300x200.jpg 300w, https:\/\/fotoklub-cakovec.hr\/wp\/wp-content\/uploads\/2015\/01\/Pejza\u017ei-bez-neba-3-300-mm-368x245.jpg 368w\" sizes=\"(max-width: 720px) 100vw, 720px\" \/><\/a><\/p>\n<p style=\"text-align: justify;\">Isklju\u010divanjem neba \u017eelio sam posti\u0107i apstraktniji izgled ovog jesenskog dana u vinogradu. Naime, da sam u kadru ostavio nebo osim \u0161to fotografija ne bi bila vi\u0161e toliko o linijama i plohama, puno jasnije bi dobili i osje\u0107aj veli\u010dine kadra koji je pred vama. Ova fotografija je nastala koriste\u0107i teleobjektiv \u017eari\u0161ne duljine od 300 mm.<\/p>\n<p style=\"text-align: justify;\"><a href=\"http:\/\/fotoklub-cakovec.hr\/wp\/wp-content\/uploads\/2015\/01\/Pejza\u017ei-bez-neba-2-300-mm-.jpg\"><img loading=\"lazy\" decoding=\"async\" class=\"alignnone size-full wp-image-5631 colorbox-5626\" src=\"http:\/\/fotoklub-cakovec.hr\/wp\/wp-content\/uploads\/2015\/01\/Pejza\u017ei-bez-neba-2-300-mm-.jpg\" alt=\"Pejza\u017ei bez neba - 2 -300 mm\" width=\"720\" height=\"482\" srcset=\"https:\/\/fotoklub-cakovec.hr\/wp\/wp-content\/uploads\/2015\/01\/Pejza\u017ei-bez-neba-2-300-mm-.jpg 720w, https:\/\/fotoklub-cakovec.hr\/wp\/wp-content\/uploads\/2015\/01\/Pejza\u017ei-bez-neba-2-300-mm--300x201.jpg 300w, https:\/\/fotoklub-cakovec.hr\/wp\/wp-content\/uploads\/2015\/01\/Pejza\u017ei-bez-neba-2-300-mm--366x245.jpg 366w\" sizes=\"(max-width: 720px) 100vw, 720px\" \/><\/a><\/p>\n<p style=\"text-align: justify;\">Za kraj sam ostavio ovu fotografiju zabilje\u017eenu tako\u0111er na 300mm, koja prikazuje put s jedne strane ome\u0111en drvenim kolcima koji preko bre\u017euljka vodi u tamnu \u0161umu kojoj nisko sunce osvjetljava debla stabala. \u0160irim kadriranjem koje bi uklju\u010dilo i nebo izgubilo bi se mno\u0161tvo detalja, od onih na ogradi do obasjanih grana u \u0161umi. Sve bi postalo sitnije, a time i nejasnije i nezanimljivije.<\/p>\n<p style=\"text-align: justify;\">Kada sam u uvodu napisao da sam tra\u017eio <em>\u0161ire<\/em> pejza\u017ee, mislio sam na ovakve koje ipak imaju nekakve prednje i stra\u017enje planove (osim mo\u017eda apstraktnog vinograda) koji opisuju vi\u0161e toga u pejza\u017eu a ne neki detalj.<\/p>\n<p style=\"text-align: justify;\">Na ovih pet fotografija mo\u017eemo vidjeti da sam nebo izbjegavao tamo gdje je\u00a0 bilo nezanimljivo ili problemati\u010dno za bilje\u017eenje ili na polo\u017eajima gdje su mi se pru\u017eali \u0161iri, otvoreni pogledi gdje bi se \u0161irokokutnim objektivom i uklju\u010divanjem neba potpuno izgubila pri\u010da. Stoga je na tri od pet fotografija kori\u0161ten telobjektiv s kojim sam zahvatio manji komad \u0161irokog pejza\u017ea.<\/p>\n<p style=\"text-align: justify;\">\n","protected":false},"excerpt":{"rendered":"<p>Navikli smo da se fotografije pejza\u017ea sastoje od nekoliko planova i kao zavr\u0161ni za\u010din, odnosno zadnji plan bude nebo pro\u0161arano oblacima. No\u0107no \u0107e nebo ako ve\u0107 nemamo oblake obi\u010dno ukrasiti zvijezde ili mjesec.<\/p>\n","protected":false},"author":6,"featured_media":0,"comment_status":"open","ping_status":"closed","sticky":false,"template":"","format":"standard","meta":{"footnotes":""},"categories":[287],"tags":[383,598,617,609],"yoast_head":"<!-- This site is optimized with the Yoast SEO plugin v22.1 - https:\/\/yoast.com\/wordpress\/plugins\/seo\/ -->\n<title>Fotografski motiv, pejza\u017e bez neba. - Fotoklub \u010cakovec<\/title>\n<meta name=\"robots\" content=\"index, follow, max-snippet:-1, max-image-preview:large, max-video-preview:-1\" \/>\n<link rel=\"canonical\" href=\"https:\/\/fotoklub-cakovec.hr\/wp\/2015\/01\/fotografski-motiv-pejzaz-bez-neba\" \/>\n<meta property=\"og:locale\" content=\"hr_HR\" \/>\n<meta property=\"og:type\" content=\"article\" \/>\n<meta property=\"og:title\" content=\"Fotografski motiv, pejza\u017e bez neba. - Fotoklub \u010cakovec\" \/>\n<meta property=\"og:description\" content=\"Navikli smo da se fotografije pejza\u017ea sastoje od nekoliko planova i kao zavr\u0161ni za\u010din, odnosno zadnji plan bude nebo pro\u0161arano oblacima. No\u0107no \u0107e nebo ako ve\u0107 nemamo oblake obi\u010dno ukrasiti zvijezde ili mjesec.\" \/>\n<meta property=\"og:url\" content=\"https:\/\/fotoklub-cakovec.hr\/wp\/2015\/01\/fotografski-motiv-pejzaz-bez-neba\" \/>\n<meta property=\"og:site_name\" content=\"Fotoklub \u010cakovec\" \/>\n<meta property=\"article:author\" content=\"https:\/\/www.facebook.com\/FilipLucin\" \/>\n<meta property=\"article:published_time\" content=\"2015-01-12T15:16:29+00:00\" \/>\n<meta property=\"article:modified_time\" content=\"2015-01-12T15:17:05+00:00\" \/>\n<meta name=\"author\" content=\"Filip Lu\u010din\" \/>\n<meta name=\"twitter:card\" content=\"summary_large_image\" \/>\n<meta name=\"twitter:label1\" content=\"Napisao\/la\" \/>\n\t<meta name=\"twitter:data1\" content=\"Filip Lu\u010din\" \/>\n\t<meta name=\"twitter:label2\" content=\"Procijenjeno vrijeme \u010ditanja\" \/>\n\t<meta name=\"twitter:data2\" content=\"4 minute\" \/>\n<script type=\"application\/ld+json\" class=\"yoast-schema-graph\">{\"@context\":\"https:\/\/schema.org\",\"@graph\":[{\"@type\":\"WebPage\",\"@id\":\"https:\/\/fotoklub-cakovec.hr\/wp\/2015\/01\/fotografski-motiv-pejzaz-bez-neba\",\"url\":\"https:\/\/fotoklub-cakovec.hr\/wp\/2015\/01\/fotografski-motiv-pejzaz-bez-neba\",\"name\":\"Fotografski motiv, pejza\u017e bez neba. - Fotoklub \u010cakovec\",\"isPartOf\":{\"@id\":\"https:\/\/fotoklub-cakovec.hr\/wp\/#website\"},\"datePublished\":\"2015-01-12T15:16:29+00:00\",\"dateModified\":\"2015-01-12T15:17:05+00:00\",\"author\":{\"@id\":\"https:\/\/fotoklub-cakovec.hr\/wp\/#\/schema\/person\/893483c3bc80659eb679fa6f9560fb2e\"},\"breadcrumb\":{\"@id\":\"https:\/\/fotoklub-cakovec.hr\/wp\/2015\/01\/fotografski-motiv-pejzaz-bez-neba#breadcrumb\"},\"inLanguage\":\"hr\",\"potentialAction\":[{\"@type\":\"ReadAction\",\"target\":[\"https:\/\/fotoklub-cakovec.hr\/wp\/2015\/01\/fotografski-motiv-pejzaz-bez-neba\"]}]},{\"@type\":\"BreadcrumbList\",\"@id\":\"https:\/\/fotoklub-cakovec.hr\/wp\/2015\/01\/fotografski-motiv-pejzaz-bez-neba#breadcrumb\",\"itemListElement\":[{\"@type\":\"ListItem\",\"position\":1,\"name\":\"Po\u010detna stranica\",\"item\":\"https:\/\/fotoklub-cakovec.hr\/wp\"},{\"@type\":\"ListItem\",\"position\":2,\"name\":\"Fotografski motiv, pejza\u017e bez neba.\"}]},{\"@type\":\"WebSite\",\"@id\":\"https:\/\/fotoklub-cakovec.hr\/wp\/#website\",\"url\":\"https:\/\/fotoklub-cakovec.hr\/wp\/\",\"name\":\"Fotoklub \u010cakovec\",\"description\":\"Slu\u017ebene internet stranice fotokluba \u010cakovec\",\"potentialAction\":[{\"@type\":\"SearchAction\",\"target\":{\"@type\":\"EntryPoint\",\"urlTemplate\":\"https:\/\/fotoklub-cakovec.hr\/wp\/?s={search_term_string}\"},\"query-input\":\"required name=search_term_string\"}],\"inLanguage\":\"hr\"},{\"@type\":\"Person\",\"@id\":\"https:\/\/fotoklub-cakovec.hr\/wp\/#\/schema\/person\/893483c3bc80659eb679fa6f9560fb2e\",\"name\":\"Filip Lu\u010din\",\"image\":{\"@type\":\"ImageObject\",\"inLanguage\":\"hr\",\"@id\":\"https:\/\/fotoklub-cakovec.hr\/wp\/#\/schema\/person\/image\/\",\"url\":\"https:\/\/fotoklub-cakovec.hr\/wp\/wp-content\/uploads\/2013\/05\/LICA_2013_07_10_soho_Lucin_Filip_1979-web-150x150.jpg\",\"contentUrl\":\"https:\/\/fotoklub-cakovec.hr\/wp\/wp-content\/uploads\/2013\/05\/LICA_2013_07_10_soho_Lucin_Filip_1979-web-150x150.jpg\",\"caption\":\"Filip Lu\u010din\"},\"description\":\"Fotografijom se aktivno bavim od 2007. g. Pejza\u017ena fotografija mi je strast i zadovoljstvo, a usto volim dijeliti znanje koje stje\u010dem na terenu, prate\u0107i literaturu i druge fotografe. \u010clan sam fotokluba od samih po\u010detaka. Tajnik kluba od 2009. Tako\u0111er sam jedan od predava\u010da na radionicama Osnova digitalne fotografije, te na pejza\u017enim radionicama. Do sad sam sudjelovao u vi\u0161e skupnih izlo\u017eaba te sam imao samostalnu izlo\u017ebu \\\"\u010cetiri godi\u0161nja doba\\\" u Gimnaziji \u010cakovec. \u010clan uredni\u0161tva u knjigama u izdanju fotokluba.\",\"sameAs\":[\"http:\/\/filiplucin.from.hr\",\"https:\/\/www.facebook.com\/FilipLucin\"],\"url\":\"https:\/\/fotoklub-cakovec.hr\/wp\/author\/filiplucin\"}]}<\/script>\n<!-- \/ Yoast SEO plugin. -->","yoast_head_json":{"title":"Fotografski motiv, pejza\u017e bez neba. - Fotoklub \u010cakovec","robots":{"index":"index","follow":"follow","max-snippet":"max-snippet:-1","max-image-preview":"max-image-preview:large","max-video-preview":"max-video-preview:-1"},"canonical":"https:\/\/fotoklub-cakovec.hr\/wp\/2015\/01\/fotografski-motiv-pejzaz-bez-neba","og_locale":"hr_HR","og_type":"article","og_title":"Fotografski motiv, pejza\u017e bez neba. - Fotoklub \u010cakovec","og_description":"Navikli smo da se fotografije pejza\u017ea sastoje od nekoliko planova i kao zavr\u0161ni za\u010din, odnosno zadnji plan bude nebo pro\u0161arano oblacima. No\u0107no \u0107e nebo ako ve\u0107 nemamo oblake obi\u010dno ukrasiti zvijezde ili mjesec.","og_url":"https:\/\/fotoklub-cakovec.hr\/wp\/2015\/01\/fotografski-motiv-pejzaz-bez-neba","og_site_name":"Fotoklub \u010cakovec","article_author":"https:\/\/www.facebook.com\/FilipLucin","article_published_time":"2015-01-12T15:16:29+00:00","article_modified_time":"2015-01-12T15:17:05+00:00","author":"Filip Lu\u010din","twitter_card":"summary_large_image","twitter_misc":{"Napisao\/la":"Filip Lu\u010din","Procijenjeno vrijeme \u010ditanja":"4 minute"},"schema":{"@context":"https:\/\/schema.org","@graph":[{"@type":"WebPage","@id":"https:\/\/fotoklub-cakovec.hr\/wp\/2015\/01\/fotografski-motiv-pejzaz-bez-neba","url":"https:\/\/fotoklub-cakovec.hr\/wp\/2015\/01\/fotografski-motiv-pejzaz-bez-neba","name":"Fotografski motiv, pejza\u017e bez neba. - Fotoklub \u010cakovec","isPartOf":{"@id":"https:\/\/fotoklub-cakovec.hr\/wp\/#website"},"datePublished":"2015-01-12T15:16:29+00:00","dateModified":"2015-01-12T15:17:05+00:00","author":{"@id":"https:\/\/fotoklub-cakovec.hr\/wp\/#\/schema\/person\/893483c3bc80659eb679fa6f9560fb2e"},"breadcrumb":{"@id":"https:\/\/fotoklub-cakovec.hr\/wp\/2015\/01\/fotografski-motiv-pejzaz-bez-neba#breadcrumb"},"inLanguage":"hr","potentialAction":[{"@type":"ReadAction","target":["https:\/\/fotoklub-cakovec.hr\/wp\/2015\/01\/fotografski-motiv-pejzaz-bez-neba"]}]},{"@type":"BreadcrumbList","@id":"https:\/\/fotoklub-cakovec.hr\/wp\/2015\/01\/fotografski-motiv-pejzaz-bez-neba#breadcrumb","itemListElement":[{"@type":"ListItem","position":1,"name":"Po\u010detna stranica","item":"https:\/\/fotoklub-cakovec.hr\/wp"},{"@type":"ListItem","position":2,"name":"Fotografski motiv, pejza\u017e bez neba."}]},{"@type":"WebSite","@id":"https:\/\/fotoklub-cakovec.hr\/wp\/#website","url":"https:\/\/fotoklub-cakovec.hr\/wp\/","name":"Fotoklub \u010cakovec","description":"Slu\u017ebene internet stranice fotokluba \u010cakovec","potentialAction":[{"@type":"SearchAction","target":{"@type":"EntryPoint","urlTemplate":"https:\/\/fotoklub-cakovec.hr\/wp\/?s={search_term_string}"},"query-input":"required name=search_term_string"}],"inLanguage":"hr"},{"@type":"Person","@id":"https:\/\/fotoklub-cakovec.hr\/wp\/#\/schema\/person\/893483c3bc80659eb679fa6f9560fb2e","name":"Filip Lu\u010din","image":{"@type":"ImageObject","inLanguage":"hr","@id":"https:\/\/fotoklub-cakovec.hr\/wp\/#\/schema\/person\/image\/","url":"https:\/\/fotoklub-cakovec.hr\/wp\/wp-content\/uploads\/2013\/05\/LICA_2013_07_10_soho_Lucin_Filip_1979-web-150x150.jpg","contentUrl":"https:\/\/fotoklub-cakovec.hr\/wp\/wp-content\/uploads\/2013\/05\/LICA_2013_07_10_soho_Lucin_Filip_1979-web-150x150.jpg","caption":"Filip Lu\u010din"},"description":"Fotografijom se aktivno bavim od 2007. g. Pejza\u017ena fotografija mi je strast i zadovoljstvo, a usto volim dijeliti znanje koje stje\u010dem na terenu, prate\u0107i literaturu i druge fotografe. \u010clan sam fotokluba od samih po\u010detaka. Tajnik kluba od 2009. Tako\u0111er sam jedan od predava\u010da na radionicama Osnova digitalne fotografije, te na pejza\u017enim radionicama. Do sad sam sudjelovao u vi\u0161e skupnih izlo\u017eaba te sam imao samostalnu izlo\u017ebu \"\u010cetiri godi\u0161nja doba\" u Gimnaziji \u010cakovec. \u010clan uredni\u0161tva u knjigama u izdanju fotokluba.","sameAs":["http:\/\/filiplucin.from.hr","https:\/\/www.facebook.com\/FilipLucin"],"url":"https:\/\/fotoklub-cakovec.hr\/wp\/author\/filiplucin"}]}},"_links":{"self":[{"href":"https:\/\/fotoklub-cakovec.hr\/wp\/wp-json\/wp\/v2\/posts\/5626"}],"collection":[{"href":"https:\/\/fotoklub-cakovec.hr\/wp\/wp-json\/wp\/v2\/posts"}],"about":[{"href":"https:\/\/fotoklub-cakovec.hr\/wp\/wp-json\/wp\/v2\/types\/post"}],"author":[{"embeddable":true,"href":"https:\/\/fotoklub-cakovec.hr\/wp\/wp-json\/wp\/v2\/users\/6"}],"replies":[{"embeddable":true,"href":"https:\/\/fotoklub-cakovec.hr\/wp\/wp-json\/wp\/v2\/comments?post=5626"}],"version-history":[{"count":3,"href":"https:\/\/fotoklub-cakovec.hr\/wp\/wp-json\/wp\/v2\/posts\/5626\/revisions"}],"predecessor-version":[{"id":5647,"href":"https:\/\/fotoklub-cakovec.hr\/wp\/wp-json\/wp\/v2\/posts\/5626\/revisions\/5647"}],"wp:attachment":[{"href":"https:\/\/fotoklub-cakovec.hr\/wp\/wp-json\/wp\/v2\/media?parent=5626"}],"wp:term":[{"taxonomy":"category","embeddable":true,"href":"https:\/\/fotoklub-cakovec.hr\/wp\/wp-json\/wp\/v2\/categories?post=5626"},{"taxonomy":"post_tag","embeddable":true,"href":"https:\/\/fotoklub-cakovec.hr\/wp\/wp-json\/wp\/v2\/tags?post=5626"}],"curies":[{"name":"wp","href":"https:\/\/api.w.org\/{rel}","templated":true}]}}