{"id":5558,"date":"2014-12-31T18:30:00","date_gmt":"2014-12-31T17:30:00","guid":{"rendered":"http:\/\/fotoklub-cakovec.hr\/wp\/?p=5558"},"modified":"2014-12-29T15:31:10","modified_gmt":"2014-12-29T14:31:10","slug":"iza-fotografije-davor-dolencic","status":"publish","type":"post","link":"https:\/\/fotoklub-cakovec.hr\/wp\/2014\/12\/iza-fotografije-davor-dolencic","title":{"rendered":"Iza fotografije: Davor Dolen\u010di\u0107"},"content":{"rendered":"<p>Na staru godinu smo u jesenskoj \u0161umi, istovremeno hladnoj od magle a toploj od jesenskih boja.<\/p>\n<p><a href=\"http:\/\/fotoklub-cakovec.hr\/wp\/wp-content\/uploads\/2014\/12\/Iza_fotografije_Davor_Dolen\u010di\u0107.jpg\"><img fetchpriority=\"high\" decoding=\"async\" class=\"alignnone size-full wp-image-5559 colorbox-5558\" src=\"http:\/\/fotoklub-cakovec.hr\/wp\/wp-content\/uploads\/2014\/12\/Iza_fotografije_Davor_Dolen\u010di\u0107.jpg\" alt=\"Iza_fotografije_Davor_Dolen\u010di\u0107\" width=\"420\" height=\"650\" srcset=\"https:\/\/fotoklub-cakovec.hr\/wp\/wp-content\/uploads\/2014\/12\/Iza_fotografije_Davor_Dolen\u010di\u0107.jpg 420w, https:\/\/fotoklub-cakovec.hr\/wp\/wp-content\/uploads\/2014\/12\/Iza_fotografije_Davor_Dolen\u010di\u0107-194x300.jpg 194w, https:\/\/fotoklub-cakovec.hr\/wp\/wp-content\/uploads\/2014\/12\/Iza_fotografije_Davor_Dolen\u010di\u0107-317x490.jpg 317w, https:\/\/fotoklub-cakovec.hr\/wp\/wp-content\/uploads\/2014\/12\/Iza_fotografije_Davor_Dolen\u010di\u0107-158x245.jpg 158w\" sizes=\"(max-width: 420px) 100vw, 420px\" \/><\/a><\/p>\n<p><!--more--><\/p>\n<p><strong>Iako u na\u0161em jeziku prisodobljavanje koga s bukvom nema ba\u0161 pozitivne konotacije, u stvarnosti ima ne\u0161to posebno u tim stablima. Znam da ima\u0161 seriju fotografija iz bukove \u0161ume. Reci mi, \u0161to tebe privla\u010di ovakvim motivima?<\/strong><\/p>\n<p>Ina\u010de poku\u0161avam kroz svoje fotografije ispri\u010dati neku pri\u010du, poslati neku poruku, no kod &#8216;\u0161umske&#8217; serije to nije slu\u010daj. Moje fotografije \u0161ume nemaju nikakve veze s prispodoboljavanjem ili dovo\u0111enjem u nekakvu vezu bilo \u010dega. \u017delim jednostavno prikazati iskonsku ljepotu prirode, zato na fotografijama iz te serije nema ni \u0161umskih puteljaka (koji obi\u010dno upotpunjuju kompoziciju) ili bilo kakvih drugih tragova ljudske aktivnosti. Istina, naj\u010de\u0161\u0107e fotografiram bukovu \u0161umu jer \u017eivim prakti\u010dki usred bukove \u0161ume pa mi je takva \u0161uma vi\u0161e iz prakti\u010dkih razloga glavni motiv, no isto tako moram priznati da bukova stabla \u010dine puno zanimljviju kompoziciju od ostalih, ba\u0161 zbog svojih uspravnih ne previ\u0161e razgranatih stabala.<\/p>\n<p><strong>Prolje\u0107e i jesen su fotografski najzanimljivija godi\u0161nja doba u bukovoj \u0161umi, jesam li u pravu? Ako jesam, za\u0161to je tako?<\/strong><\/p>\n<p>Ova fotografija koju si odabrao nastala je u jesen. Jesen je u bukovoj \u0161umi zanimljiva jer bukovo li\u0161\u0107e ima izrazito intenzivnu \u017eutu boju u to doba, no meni je definitivno najzanimljivije godi\u0161nje doba u \u0161umi zima. Tada li\u0161\u0107e poprima skoro pa crvenu boju i na stablima ga ostaje jako malo, pa je mogu\u0107e kombinirati zanimljive kompozicije i prostranost \u0161ume sa detaljima &#8211; ne\u0161to sli\u010dno kao i na ovoj fotografiji.<\/p>\n<p><strong>Ova konkretna fotografija, reci ne\u0161to o njoj.<\/strong><\/p>\n<p>Uvijek i isklju\u010divo odlazim fotografirati u \u0161umu kad je magla. Kao \u0161to sam ve\u0107 napomenuo, \u017eivim prakti\u010dki usred \u0161ume pa mi to omogu\u0107ava da dosta brzo reagiram, zato kad vidim da se sprema dobra atmosfera &#8211; magla uz probijanje sunca, ostavljam sve obaveze i ska\u010dem preko puta u \u0161umu Magla i dobro svjetlo dodatno upotpunjavaju posebnu atmosferi\u010dnost i misti\u010dnost u \u0161umi tako da mi nije zanimljivo samo fotografirati, nego i jednostavno pro\u0161etati kroz \u0161umu okupanu takvom atmosferom koja je zimi posebno tiha i kontemplativna.<\/p>\n<p><strong>Za kraj, gdje se mo\u017ee vidjeti vi\u0161e tvojih radova? Ili aktivnosti u koje si uklju\u010den, po\u0161to znam da u posjednje vrijeme nema\u0161 ba\u0161 mnogo vremena za fotografiju.<\/strong><\/p>\n<p>Da, na \u017ealost, premalo vremena posve\u0107ujem fotografiji. Ne\u0107u nabrajati aktivnosti u koje sam uklju\u010den jer bi bilo previ\u0161e teksta. Upravo zbog nedostatka vremena nisam jo\u0161 uspio oblikovati svoju internetsku stranicu na kojoj bih predstavio svoje radove, ali zato volim izdvojiti vrijeme za organizaciju samostalne izlo\u017ebe pa onda na taj na\u010din predstavim publici svoj rad.<\/p>\n<p>Oni koji mo\u017eda prate pejza\u017enu fotografiju, ve\u0107 su imali prilike vidjeti sli\u010dne kadrove drugih fotografa. Misti\u010dnost okomitih, no lagano savijenih stabala glatke sive kore kao kontrasta jarko \u017eutim listovima a sve u sivoplavoj maglici ponukala me da za ovo predstavljanje odaberem upravo ovu fotografiju.<\/p>\n<p>Za kraj, koristim ovu priliku da vam u svoje osobno ime te u ime Fotokluba \u010cakovec za\u017eelim uspje\u0161nu i veselu novu 2015. godinu!<\/p>\n<p>&nbsp;<\/p>\n","protected":false},"excerpt":{"rendered":"<p>Na staru godinu smo u jesenskoj \u0161umi, istovremeno hladnoj od magle a toploj od jesenskih boja.<\/p>\n","protected":false},"author":6,"featured_media":0,"comment_status":"open","ping_status":"closed","sticky":false,"template":"","format":"standard","meta":{"footnotes":""},"categories":[600],"tags":[672,46,597,137,598,673],"yoast_head":"<!-- This site is optimized with the Yoast SEO plugin v22.1 - https:\/\/yoast.com\/wordpress\/plugins\/seo\/ -->\n<title>Iza fotografije: Davor Dolen\u010di\u0107 - Fotoklub \u010cakovec<\/title>\n<meta name=\"robots\" content=\"index, follow, max-snippet:-1, max-image-preview:large, max-video-preview:-1\" \/>\n<link rel=\"canonical\" href=\"https:\/\/fotoklub-cakovec.hr\/wp\/2014\/12\/iza-fotografije-davor-dolencic\" \/>\n<meta property=\"og:locale\" content=\"hr_HR\" \/>\n<meta property=\"og:type\" content=\"article\" \/>\n<meta property=\"og:title\" content=\"Iza fotografije: Davor Dolen\u010di\u0107 - Fotoklub \u010cakovec\" \/>\n<meta property=\"og:description\" content=\"Na staru godinu smo u jesenskoj \u0161umi, istovremeno hladnoj od magle a toploj od jesenskih boja.\" \/>\n<meta property=\"og:url\" content=\"https:\/\/fotoklub-cakovec.hr\/wp\/2014\/12\/iza-fotografije-davor-dolencic\" \/>\n<meta property=\"og:site_name\" content=\"Fotoklub \u010cakovec\" \/>\n<meta property=\"article:author\" content=\"https:\/\/www.facebook.com\/FilipLucin\" \/>\n<meta property=\"article:published_time\" content=\"2014-12-31T17:30:00+00:00\" \/>\n<meta property=\"article:modified_time\" content=\"2014-12-29T14:31:10+00:00\" \/>\n<meta name=\"author\" content=\"Filip Lu\u010din\" \/>\n<meta name=\"twitter:card\" content=\"summary_large_image\" \/>\n<meta name=\"twitter:label1\" content=\"Napisao\/la\" \/>\n\t<meta name=\"twitter:data1\" content=\"Filip Lu\u010din\" \/>\n\t<meta name=\"twitter:label2\" content=\"Procijenjeno vrijeme \u010ditanja\" \/>\n\t<meta name=\"twitter:data2\" content=\"3 minute\" \/>\n<script type=\"application\/ld+json\" class=\"yoast-schema-graph\">{\"@context\":\"https:\/\/schema.org\",\"@graph\":[{\"@type\":\"WebPage\",\"@id\":\"https:\/\/fotoklub-cakovec.hr\/wp\/2014\/12\/iza-fotografije-davor-dolencic\",\"url\":\"https:\/\/fotoklub-cakovec.hr\/wp\/2014\/12\/iza-fotografije-davor-dolencic\",\"name\":\"Iza fotografije: Davor Dolen\u010di\u0107 - Fotoklub \u010cakovec\",\"isPartOf\":{\"@id\":\"https:\/\/fotoklub-cakovec.hr\/wp\/#website\"},\"datePublished\":\"2014-12-31T17:30:00+00:00\",\"dateModified\":\"2014-12-29T14:31:10+00:00\",\"author\":{\"@id\":\"https:\/\/fotoklub-cakovec.hr\/wp\/#\/schema\/person\/893483c3bc80659eb679fa6f9560fb2e\"},\"breadcrumb\":{\"@id\":\"https:\/\/fotoklub-cakovec.hr\/wp\/2014\/12\/iza-fotografije-davor-dolencic#breadcrumb\"},\"inLanguage\":\"hr\",\"potentialAction\":[{\"@type\":\"ReadAction\",\"target\":[\"https:\/\/fotoklub-cakovec.hr\/wp\/2014\/12\/iza-fotografije-davor-dolencic\"]}]},{\"@type\":\"BreadcrumbList\",\"@id\":\"https:\/\/fotoklub-cakovec.hr\/wp\/2014\/12\/iza-fotografije-davor-dolencic#breadcrumb\",\"itemListElement\":[{\"@type\":\"ListItem\",\"position\":1,\"name\":\"Po\u010detna stranica\",\"item\":\"https:\/\/fotoklub-cakovec.hr\/wp\"},{\"@type\":\"ListItem\",\"position\":2,\"name\":\"Iza fotografije: Davor Dolen\u010di\u0107\"}]},{\"@type\":\"WebSite\",\"@id\":\"https:\/\/fotoklub-cakovec.hr\/wp\/#website\",\"url\":\"https:\/\/fotoklub-cakovec.hr\/wp\/\",\"name\":\"Fotoklub \u010cakovec\",\"description\":\"Slu\u017ebene internet stranice fotokluba \u010cakovec\",\"potentialAction\":[{\"@type\":\"SearchAction\",\"target\":{\"@type\":\"EntryPoint\",\"urlTemplate\":\"https:\/\/fotoklub-cakovec.hr\/wp\/?s={search_term_string}\"},\"query-input\":\"required name=search_term_string\"}],\"inLanguage\":\"hr\"},{\"@type\":\"Person\",\"@id\":\"https:\/\/fotoklub-cakovec.hr\/wp\/#\/schema\/person\/893483c3bc80659eb679fa6f9560fb2e\",\"name\":\"Filip Lu\u010din\",\"image\":{\"@type\":\"ImageObject\",\"inLanguage\":\"hr\",\"@id\":\"https:\/\/fotoklub-cakovec.hr\/wp\/#\/schema\/person\/image\/\",\"url\":\"https:\/\/fotoklub-cakovec.hr\/wp\/wp-content\/uploads\/2013\/05\/LICA_2013_07_10_soho_Lucin_Filip_1979-web-150x150.jpg\",\"contentUrl\":\"https:\/\/fotoklub-cakovec.hr\/wp\/wp-content\/uploads\/2013\/05\/LICA_2013_07_10_soho_Lucin_Filip_1979-web-150x150.jpg\",\"caption\":\"Filip Lu\u010din\"},\"description\":\"Fotografijom se aktivno bavim od 2007. g. Pejza\u017ena fotografija mi je strast i zadovoljstvo, a usto volim dijeliti znanje koje stje\u010dem na terenu, prate\u0107i literaturu i druge fotografe. \u010clan sam fotokluba od samih po\u010detaka. Tajnik kluba od 2009. Tako\u0111er sam jedan od predava\u010da na radionicama Osnova digitalne fotografije, te na pejza\u017enim radionicama. Do sad sam sudjelovao u vi\u0161e skupnih izlo\u017eaba te sam imao samostalnu izlo\u017ebu \\\"\u010cetiri godi\u0161nja doba\\\" u Gimnaziji \u010cakovec. \u010clan uredni\u0161tva u knjigama u izdanju fotokluba.\",\"sameAs\":[\"http:\/\/filiplucin.from.hr\",\"https:\/\/www.facebook.com\/FilipLucin\"],\"url\":\"https:\/\/fotoklub-cakovec.hr\/wp\/author\/filiplucin\"}]}<\/script>\n<!-- \/ Yoast SEO plugin. -->","yoast_head_json":{"title":"Iza fotografije: Davor Dolen\u010di\u0107 - Fotoklub \u010cakovec","robots":{"index":"index","follow":"follow","max-snippet":"max-snippet:-1","max-image-preview":"max-image-preview:large","max-video-preview":"max-video-preview:-1"},"canonical":"https:\/\/fotoklub-cakovec.hr\/wp\/2014\/12\/iza-fotografije-davor-dolencic","og_locale":"hr_HR","og_type":"article","og_title":"Iza fotografije: Davor Dolen\u010di\u0107 - Fotoklub \u010cakovec","og_description":"Na staru godinu smo u jesenskoj \u0161umi, istovremeno hladnoj od magle a toploj od jesenskih boja.","og_url":"https:\/\/fotoklub-cakovec.hr\/wp\/2014\/12\/iza-fotografije-davor-dolencic","og_site_name":"Fotoklub \u010cakovec","article_author":"https:\/\/www.facebook.com\/FilipLucin","article_published_time":"2014-12-31T17:30:00+00:00","article_modified_time":"2014-12-29T14:31:10+00:00","author":"Filip Lu\u010din","twitter_card":"summary_large_image","twitter_misc":{"Napisao\/la":"Filip Lu\u010din","Procijenjeno vrijeme \u010ditanja":"3 minute"},"schema":{"@context":"https:\/\/schema.org","@graph":[{"@type":"WebPage","@id":"https:\/\/fotoklub-cakovec.hr\/wp\/2014\/12\/iza-fotografije-davor-dolencic","url":"https:\/\/fotoklub-cakovec.hr\/wp\/2014\/12\/iza-fotografije-davor-dolencic","name":"Iza fotografije: Davor Dolen\u010di\u0107 - Fotoklub \u010cakovec","isPartOf":{"@id":"https:\/\/fotoklub-cakovec.hr\/wp\/#website"},"datePublished":"2014-12-31T17:30:00+00:00","dateModified":"2014-12-29T14:31:10+00:00","author":{"@id":"https:\/\/fotoklub-cakovec.hr\/wp\/#\/schema\/person\/893483c3bc80659eb679fa6f9560fb2e"},"breadcrumb":{"@id":"https:\/\/fotoklub-cakovec.hr\/wp\/2014\/12\/iza-fotografije-davor-dolencic#breadcrumb"},"inLanguage":"hr","potentialAction":[{"@type":"ReadAction","target":["https:\/\/fotoklub-cakovec.hr\/wp\/2014\/12\/iza-fotografije-davor-dolencic"]}]},{"@type":"BreadcrumbList","@id":"https:\/\/fotoklub-cakovec.hr\/wp\/2014\/12\/iza-fotografije-davor-dolencic#breadcrumb","itemListElement":[{"@type":"ListItem","position":1,"name":"Po\u010detna stranica","item":"https:\/\/fotoklub-cakovec.hr\/wp"},{"@type":"ListItem","position":2,"name":"Iza fotografije: Davor Dolen\u010di\u0107"}]},{"@type":"WebSite","@id":"https:\/\/fotoklub-cakovec.hr\/wp\/#website","url":"https:\/\/fotoklub-cakovec.hr\/wp\/","name":"Fotoklub \u010cakovec","description":"Slu\u017ebene internet stranice fotokluba \u010cakovec","potentialAction":[{"@type":"SearchAction","target":{"@type":"EntryPoint","urlTemplate":"https:\/\/fotoklub-cakovec.hr\/wp\/?s={search_term_string}"},"query-input":"required name=search_term_string"}],"inLanguage":"hr"},{"@type":"Person","@id":"https:\/\/fotoklub-cakovec.hr\/wp\/#\/schema\/person\/893483c3bc80659eb679fa6f9560fb2e","name":"Filip Lu\u010din","image":{"@type":"ImageObject","inLanguage":"hr","@id":"https:\/\/fotoklub-cakovec.hr\/wp\/#\/schema\/person\/image\/","url":"https:\/\/fotoklub-cakovec.hr\/wp\/wp-content\/uploads\/2013\/05\/LICA_2013_07_10_soho_Lucin_Filip_1979-web-150x150.jpg","contentUrl":"https:\/\/fotoklub-cakovec.hr\/wp\/wp-content\/uploads\/2013\/05\/LICA_2013_07_10_soho_Lucin_Filip_1979-web-150x150.jpg","caption":"Filip Lu\u010din"},"description":"Fotografijom se aktivno bavim od 2007. g. Pejza\u017ena fotografija mi je strast i zadovoljstvo, a usto volim dijeliti znanje koje stje\u010dem na terenu, prate\u0107i literaturu i druge fotografe. \u010clan sam fotokluba od samih po\u010detaka. Tajnik kluba od 2009. Tako\u0111er sam jedan od predava\u010da na radionicama Osnova digitalne fotografije, te na pejza\u017enim radionicama. Do sad sam sudjelovao u vi\u0161e skupnih izlo\u017eaba te sam imao samostalnu izlo\u017ebu \"\u010cetiri godi\u0161nja doba\" u Gimnaziji \u010cakovec. \u010clan uredni\u0161tva u knjigama u izdanju fotokluba.","sameAs":["http:\/\/filiplucin.from.hr","https:\/\/www.facebook.com\/FilipLucin"],"url":"https:\/\/fotoklub-cakovec.hr\/wp\/author\/filiplucin"}]}},"_links":{"self":[{"href":"https:\/\/fotoklub-cakovec.hr\/wp\/wp-json\/wp\/v2\/posts\/5558"}],"collection":[{"href":"https:\/\/fotoklub-cakovec.hr\/wp\/wp-json\/wp\/v2\/posts"}],"about":[{"href":"https:\/\/fotoklub-cakovec.hr\/wp\/wp-json\/wp\/v2\/types\/post"}],"author":[{"embeddable":true,"href":"https:\/\/fotoklub-cakovec.hr\/wp\/wp-json\/wp\/v2\/users\/6"}],"replies":[{"embeddable":true,"href":"https:\/\/fotoklub-cakovec.hr\/wp\/wp-json\/wp\/v2\/comments?post=5558"}],"version-history":[{"count":1,"href":"https:\/\/fotoklub-cakovec.hr\/wp\/wp-json\/wp\/v2\/posts\/5558\/revisions"}],"predecessor-version":[{"id":5560,"href":"https:\/\/fotoklub-cakovec.hr\/wp\/wp-json\/wp\/v2\/posts\/5558\/revisions\/5560"}],"wp:attachment":[{"href":"https:\/\/fotoklub-cakovec.hr\/wp\/wp-json\/wp\/v2\/media?parent=5558"}],"wp:term":[{"taxonomy":"category","embeddable":true,"href":"https:\/\/fotoklub-cakovec.hr\/wp\/wp-json\/wp\/v2\/categories?post=5558"},{"taxonomy":"post_tag","embeddable":true,"href":"https:\/\/fotoklub-cakovec.hr\/wp\/wp-json\/wp\/v2\/tags?post=5558"}],"curies":[{"name":"wp","href":"https:\/\/api.w.org\/{rel}","templated":true}]}}