{"id":537,"date":"2009-10-14T10:05:53","date_gmt":"2009-10-14T09:05:53","guid":{"rendered":"http:\/\/fotoklub-cakovec.hr\/wp\/?p=537"},"modified":"2010-09-01T15:56:50","modified_gmt":"2010-09-01T14:56:50","slug":"podsjetnik-za-izlozbu","status":"publish","type":"post","link":"https:\/\/fotoklub-cakovec.hr\/wp\/2009\/10\/podsjetnik-za-izlozbu","title":{"rendered":"Podsjetnik za izlo\u017ebu"},"content":{"rendered":"<p><img fetchpriority=\"high\" decoding=\"async\" class=\"alignleft size-medium wp-image-538 colorbox-537\" title=\"gradcakovecprijatelj\" src=\"http:\/\/fotoklub-cakovec.hr\/wp\/wp-content\/uploads\/2009\/10\/gradcakovecprijatelj-216x300.jpg\" alt=\"gradcakovecprijatelj\" width=\"216\" height=\"300\" srcset=\"https:\/\/fotoklub-cakovec.hr\/wp\/wp-content\/uploads\/2009\/10\/gradcakovecprijatelj-216x300.jpg 216w, https:\/\/fotoklub-cakovec.hr\/wp\/wp-content\/uploads\/2009\/10\/gradcakovecprijatelj.jpg 650w\" sizes=\"(max-width: 216px) 100vw, 216px\" \/>Po\u0161tovani! Podsje\u0107amo vas na otvorenje izlo\u017ebe \u010dlanova Fotokluba \u010cakovec, pod nazivom &#8220;Grad \u010cakovec, prijatelj djece&#8221;, koja \u0107e se odr\u017eati 15.listopada 2009., u 19:30 sati u izlo\u017ebenom prostoru Centra za kulturu \u010cakovec. Izlo\u017eba je postavljena povodom Festivala kazali\u0161ata za djecu i mlade Assitej. Na izlo\u017ebi sudjeluju autori: Kristina \u010canadi, Zlatko Vrzan, Vjeran \u017dganec &#8211; Rogulja, Nikola \u0160imuni\u0107 i Mario Jak\u0161i\u0107. Izlo\u017eba se mo\u017ee posjetiti do 02. studenog 2009. Vidimo se!<\/p>\n","protected":false},"excerpt":{"rendered":"<p>Po\u0161tovani! Podsje\u0107amo vas na otvorenje izlo\u017ebe \u010dlanova Fotokluba \u010cakovec, pod nazivom &#8220;Grad \u010cakovec, prijatelj djece&#8221;, koja \u0107e se odr\u017eati 15.listopada 2009., u 19:30 sati u izlo\u017ebenom prostoru Centra za kulturu \u010cakovec. Izlo\u017eba je postavljena povodom Festivala kazali\u0161ata za djecu i mlade Assitej. Na izlo\u017ebi sudjeluju autori: Kristina \u010canadi, Zlatko Vrzan, Vjeran \u017dganec &#8211; Rogulja, Nikola [&hellip;]<\/p>\n","protected":false},"author":2,"featured_media":0,"comment_status":"closed","ping_status":"closed","sticky":false,"template":"","format":"standard","meta":{"footnotes":""},"categories":[10],"tags":[],"yoast_head":"<!-- This site is optimized with the Yoast SEO plugin v22.1 - https:\/\/yoast.com\/wordpress\/plugins\/seo\/ -->\n<title>Podsjetnik za izlo\u017ebu - Fotoklub \u010cakovec<\/title>\n<meta name=\"robots\" content=\"index, follow, max-snippet:-1, max-image-preview:large, max-video-preview:-1\" \/>\n<link rel=\"canonical\" href=\"https:\/\/fotoklub-cakovec.hr\/wp\/2009\/10\/podsjetnik-za-izlozbu\" \/>\n<meta property=\"og:locale\" content=\"hr_HR\" \/>\n<meta property=\"og:type\" content=\"article\" \/>\n<meta property=\"og:title\" content=\"Podsjetnik za izlo\u017ebu - Fotoklub \u010cakovec\" \/>\n<meta property=\"og:description\" content=\"Po\u0161tovani! Podsje\u0107amo vas na otvorenje izlo\u017ebe \u010dlanova Fotokluba \u010cakovec, pod nazivom &#8220;Grad \u010cakovec, prijatelj djece&#8221;, koja \u0107e se odr\u017eati 15.listopada 2009., u 19:30 sati u izlo\u017ebenom prostoru Centra za kulturu \u010cakovec. Izlo\u017eba je postavljena povodom Festivala kazali\u0161ata za djecu i mlade Assitej. Na izlo\u017ebi sudjeluju autori: Kristina \u010canadi, Zlatko Vrzan, Vjeran \u017dganec &#8211; Rogulja, Nikola [&hellip;]\" \/>\n<meta property=\"og:url\" content=\"https:\/\/fotoklub-cakovec.hr\/wp\/2009\/10\/podsjetnik-za-izlozbu\" \/>\n<meta property=\"og:site_name\" content=\"Fotoklub \u010cakovec\" \/>\n<meta property=\"article:published_time\" content=\"2009-10-14T09:05:53+00:00\" \/>\n<meta property=\"article:modified_time\" content=\"2010-09-01T14:56:50+00:00\" \/>\n<meta property=\"og:image\" content=\"http:\/\/fotoklub-cakovec.hr\/wp\/wp-content\/uploads\/2009\/10\/gradcakovecprijatelj-216x300.jpg\" \/>\n<meta name=\"author\" content=\"urednik\" \/>\n<meta name=\"twitter:card\" content=\"summary_large_image\" \/>\n<meta name=\"twitter:label1\" content=\"Napisao\/la\" \/>\n\t<meta name=\"twitter:data1\" content=\"urednik\" \/>\n<script type=\"application\/ld+json\" class=\"yoast-schema-graph\">{\"@context\":\"https:\/\/schema.org\",\"@graph\":[{\"@type\":\"WebPage\",\"@id\":\"https:\/\/fotoklub-cakovec.hr\/wp\/2009\/10\/podsjetnik-za-izlozbu\",\"url\":\"https:\/\/fotoklub-cakovec.hr\/wp\/2009\/10\/podsjetnik-za-izlozbu\",\"name\":\"Podsjetnik za izlo\u017ebu - Fotoklub \u010cakovec\",\"isPartOf\":{\"@id\":\"https:\/\/fotoklub-cakovec.hr\/wp\/#website\"},\"datePublished\":\"2009-10-14T09:05:53+00:00\",\"dateModified\":\"2010-09-01T14:56:50+00:00\",\"author\":{\"@id\":\"https:\/\/fotoklub-cakovec.hr\/wp\/#\/schema\/person\/f2bc5eef1aaf0823ac22207bc27c3d1c\"},\"breadcrumb\":{\"@id\":\"https:\/\/fotoklub-cakovec.hr\/wp\/2009\/10\/podsjetnik-za-izlozbu#breadcrumb\"},\"inLanguage\":\"hr\",\"potentialAction\":[{\"@type\":\"ReadAction\",\"target\":[\"https:\/\/fotoklub-cakovec.hr\/wp\/2009\/10\/podsjetnik-za-izlozbu\"]}]},{\"@type\":\"BreadcrumbList\",\"@id\":\"https:\/\/fotoklub-cakovec.hr\/wp\/2009\/10\/podsjetnik-za-izlozbu#breadcrumb\",\"itemListElement\":[{\"@type\":\"ListItem\",\"position\":1,\"name\":\"Po\u010detna stranica\",\"item\":\"https:\/\/fotoklub-cakovec.hr\/wp\"},{\"@type\":\"ListItem\",\"position\":2,\"name\":\"Podsjetnik za izlo\u017ebu\"}]},{\"@type\":\"WebSite\",\"@id\":\"https:\/\/fotoklub-cakovec.hr\/wp\/#website\",\"url\":\"https:\/\/fotoklub-cakovec.hr\/wp\/\",\"name\":\"Fotoklub \u010cakovec\",\"description\":\"Slu\u017ebene internet stranice fotokluba \u010cakovec\",\"potentialAction\":[{\"@type\":\"SearchAction\",\"target\":{\"@type\":\"EntryPoint\",\"urlTemplate\":\"https:\/\/fotoklub-cakovec.hr\/wp\/?s={search_term_string}\"},\"query-input\":\"required name=search_term_string\"}],\"inLanguage\":\"hr\"},{\"@type\":\"Person\",\"@id\":\"https:\/\/fotoklub-cakovec.hr\/wp\/#\/schema\/person\/f2bc5eef1aaf0823ac22207bc27c3d1c\",\"name\":\"urednik\",\"image\":{\"@type\":\"ImageObject\",\"inLanguage\":\"hr\",\"@id\":\"https:\/\/fotoklub-cakovec.hr\/wp\/#\/schema\/person\/image\/\",\"url\":\"https:\/\/secure.gravatar.com\/avatar\/d0d66020249b56462d4831816f1f12b3?s=96&d=mm&r=g\",\"contentUrl\":\"https:\/\/secure.gravatar.com\/avatar\/d0d66020249b56462d4831816f1f12b3?s=96&d=mm&r=g\",\"caption\":\"urednik\"},\"sameAs\":[\"http:\/\/www.fotoklub-cakovec.hr\"],\"url\":\"https:\/\/fotoklub-cakovec.hr\/wp\/author\/urednik\"}]}<\/script>\n<!-- \/ Yoast SEO plugin. -->","yoast_head_json":{"title":"Podsjetnik za izlo\u017ebu - Fotoklub \u010cakovec","robots":{"index":"index","follow":"follow","max-snippet":"max-snippet:-1","max-image-preview":"max-image-preview:large","max-video-preview":"max-video-preview:-1"},"canonical":"https:\/\/fotoklub-cakovec.hr\/wp\/2009\/10\/podsjetnik-za-izlozbu","og_locale":"hr_HR","og_type":"article","og_title":"Podsjetnik za izlo\u017ebu - Fotoklub \u010cakovec","og_description":"Po\u0161tovani! Podsje\u0107amo vas na otvorenje izlo\u017ebe \u010dlanova Fotokluba \u010cakovec, pod nazivom &#8220;Grad \u010cakovec, prijatelj djece&#8221;, koja \u0107e se odr\u017eati 15.listopada 2009., u 19:30 sati u izlo\u017ebenom prostoru Centra za kulturu \u010cakovec. Izlo\u017eba je postavljena povodom Festivala kazali\u0161ata za djecu i mlade Assitej. Na izlo\u017ebi sudjeluju autori: Kristina \u010canadi, Zlatko Vrzan, Vjeran \u017dganec &#8211; Rogulja, Nikola [&hellip;]","og_url":"https:\/\/fotoklub-cakovec.hr\/wp\/2009\/10\/podsjetnik-za-izlozbu","og_site_name":"Fotoklub \u010cakovec","article_published_time":"2009-10-14T09:05:53+00:00","article_modified_time":"2010-09-01T14:56:50+00:00","og_image":[{"url":"http:\/\/fotoklub-cakovec.hr\/wp\/wp-content\/uploads\/2009\/10\/gradcakovecprijatelj-216x300.jpg"}],"author":"urednik","twitter_card":"summary_large_image","twitter_misc":{"Napisao\/la":"urednik"},"schema":{"@context":"https:\/\/schema.org","@graph":[{"@type":"WebPage","@id":"https:\/\/fotoklub-cakovec.hr\/wp\/2009\/10\/podsjetnik-za-izlozbu","url":"https:\/\/fotoklub-cakovec.hr\/wp\/2009\/10\/podsjetnik-za-izlozbu","name":"Podsjetnik za izlo\u017ebu - Fotoklub \u010cakovec","isPartOf":{"@id":"https:\/\/fotoklub-cakovec.hr\/wp\/#website"},"datePublished":"2009-10-14T09:05:53+00:00","dateModified":"2010-09-01T14:56:50+00:00","author":{"@id":"https:\/\/fotoklub-cakovec.hr\/wp\/#\/schema\/person\/f2bc5eef1aaf0823ac22207bc27c3d1c"},"breadcrumb":{"@id":"https:\/\/fotoklub-cakovec.hr\/wp\/2009\/10\/podsjetnik-za-izlozbu#breadcrumb"},"inLanguage":"hr","potentialAction":[{"@type":"ReadAction","target":["https:\/\/fotoklub-cakovec.hr\/wp\/2009\/10\/podsjetnik-za-izlozbu"]}]},{"@type":"BreadcrumbList","@id":"https:\/\/fotoklub-cakovec.hr\/wp\/2009\/10\/podsjetnik-za-izlozbu#breadcrumb","itemListElement":[{"@type":"ListItem","position":1,"name":"Po\u010detna stranica","item":"https:\/\/fotoklub-cakovec.hr\/wp"},{"@type":"ListItem","position":2,"name":"Podsjetnik za izlo\u017ebu"}]},{"@type":"WebSite","@id":"https:\/\/fotoklub-cakovec.hr\/wp\/#website","url":"https:\/\/fotoklub-cakovec.hr\/wp\/","name":"Fotoklub \u010cakovec","description":"Slu\u017ebene internet stranice fotokluba \u010cakovec","potentialAction":[{"@type":"SearchAction","target":{"@type":"EntryPoint","urlTemplate":"https:\/\/fotoklub-cakovec.hr\/wp\/?s={search_term_string}"},"query-input":"required name=search_term_string"}],"inLanguage":"hr"},{"@type":"Person","@id":"https:\/\/fotoklub-cakovec.hr\/wp\/#\/schema\/person\/f2bc5eef1aaf0823ac22207bc27c3d1c","name":"urednik","image":{"@type":"ImageObject","inLanguage":"hr","@id":"https:\/\/fotoklub-cakovec.hr\/wp\/#\/schema\/person\/image\/","url":"https:\/\/secure.gravatar.com\/avatar\/d0d66020249b56462d4831816f1f12b3?s=96&d=mm&r=g","contentUrl":"https:\/\/secure.gravatar.com\/avatar\/d0d66020249b56462d4831816f1f12b3?s=96&d=mm&r=g","caption":"urednik"},"sameAs":["http:\/\/www.fotoklub-cakovec.hr"],"url":"https:\/\/fotoklub-cakovec.hr\/wp\/author\/urednik"}]}},"_links":{"self":[{"href":"https:\/\/fotoklub-cakovec.hr\/wp\/wp-json\/wp\/v2\/posts\/537"}],"collection":[{"href":"https:\/\/fotoklub-cakovec.hr\/wp\/wp-json\/wp\/v2\/posts"}],"about":[{"href":"https:\/\/fotoklub-cakovec.hr\/wp\/wp-json\/wp\/v2\/types\/post"}],"author":[{"embeddable":true,"href":"https:\/\/fotoklub-cakovec.hr\/wp\/wp-json\/wp\/v2\/users\/2"}],"replies":[{"embeddable":true,"href":"https:\/\/fotoklub-cakovec.hr\/wp\/wp-json\/wp\/v2\/comments?post=537"}],"version-history":[{"count":2,"href":"https:\/\/fotoklub-cakovec.hr\/wp\/wp-json\/wp\/v2\/posts\/537\/revisions"}],"predecessor-version":[{"id":989,"href":"https:\/\/fotoklub-cakovec.hr\/wp\/wp-json\/wp\/v2\/posts\/537\/revisions\/989"}],"wp:attachment":[{"href":"https:\/\/fotoklub-cakovec.hr\/wp\/wp-json\/wp\/v2\/media?parent=537"}],"wp:term":[{"taxonomy":"category","embeddable":true,"href":"https:\/\/fotoklub-cakovec.hr\/wp\/wp-json\/wp\/v2\/categories?post=537"},{"taxonomy":"post_tag","embeddable":true,"href":"https:\/\/fotoklub-cakovec.hr\/wp\/wp-json\/wp\/v2\/tags?post=537"}],"curies":[{"name":"wp","href":"https:\/\/api.w.org\/{rel}","templated":true}]}}