{"id":4812,"date":"2013-11-04T09:07:18","date_gmt":"2013-11-04T08:07:18","guid":{"rendered":"http:\/\/fotoklub-cakovec.hr\/wp\/?p=4812"},"modified":"2013-11-04T09:07:18","modified_gmt":"2013-11-04T08:07:18","slug":"u-subotu-16-studenog-pocinje-radionica-prakticna-reklamna-fotografija","status":"publish","type":"post","link":"https:\/\/fotoklub-cakovec.hr\/wp\/2013\/11\/u-subotu-16-studenog-pocinje-radionica-prakticna-reklamna-fotografija","title":{"rendered":"U subotu 16. studenog po\u010dinje radionica &#8220;Prakti\u010dna reklamna fotografija&#8221;"},"content":{"rendered":"<p><a title=\"Radionica \u201cPrakti\u010dna reklamna fotografija\u201d\" href=\"http:\/\/fotoklub-cakovec.hr\/wp\/radionice\/radionica-prakticna-reklamna-fotografija\"><img fetchpriority=\"high\" decoding=\"async\" class=\"wp-image-4815 aligncenter colorbox-4812\" alt=\"Reklamna-fb-banner\" src=\"http:\/\/fotoklub-cakovec.hr\/wp\/wp-content\/uploads\/2013\/11\/Reklamna-fb-banner.jpg\" width=\"613\" height=\"227\" srcset=\"https:\/\/fotoklub-cakovec.hr\/wp\/wp-content\/uploads\/2013\/11\/Reklamna-fb-banner.jpg 851w, https:\/\/fotoklub-cakovec.hr\/wp\/wp-content\/uploads\/2013\/11\/Reklamna-fb-banner-300x111.jpg 300w\" sizes=\"(max-width: 613px) 100vw, 613px\" \/><\/a><\/p>\n<p>Jo\u0161 jedna jesenska radionica zapo\u010dinje uskoro! Namijenjena je uglavnom poduzetnicima, ali i svim onima koje zanima reklamna fotografija (fotografija predmeta). Voditelji su: Davor \u017derjav i Davorin Mance.<\/p>\n<p>Radionice se odr\u017eavaju subotama 16., 23. i 30. studenog, a vi\u0161e informacija mo\u017eete saznati <a title=\"Radionica \u201cPrakti\u010dna reklamna fotografija\u201d\" href=\"http:\/\/fotoklub-cakovec.hr\/wp\/radionice\/radionica-prakticna-reklamna-fotografija\">OVDJE<\/a>. Prijave su u tijeku.<\/p>\n<p><a title=\"Radionica \u201cPrakti\u010dna reklamna fotografija\u201d\" href=\"http:\/\/fotoklub-cakovec.hr\/wp\/radionice\/radionica-prakticna-reklamna-fotografija\"><img decoding=\"async\" class=\"size-full wp-image-4816 aligncenter colorbox-4812\" alt=\"OLYMPUS DIGITAL CAMERA\" src=\"http:\/\/fotoklub-cakovec.hr\/wp\/wp-content\/uploads\/2013\/11\/01.jpg\" width=\"600\" height=\"400\" srcset=\"https:\/\/fotoklub-cakovec.hr\/wp\/wp-content\/uploads\/2013\/11\/01.jpg 600w, https:\/\/fotoklub-cakovec.hr\/wp\/wp-content\/uploads\/2013\/11\/01-300x200.jpg 300w\" sizes=\"(max-width: 600px) 100vw, 600px\" \/><\/a><\/p>\n","protected":false},"excerpt":{"rendered":"<p>Jo\u0161 jedna jesenska radionica zapo\u010dinje uskoro! Namijenjena je uglavnom poduzetnicima, ali i svim onima koje zanima reklamna fotografija (fotografija predmeta). Voditelji su: Davor \u017derjav i Davorin Mance. Radionice se odr\u017eavaju subotama 16., 23. i 30. studenog, a vi\u0161e informacija mo\u017eete saznati OVDJE. Prijave su u tijeku.<\/p>\n","protected":false},"author":10,"featured_media":0,"comment_status":"open","ping_status":"closed","sticky":false,"template":"","format":"standard","meta":{"footnotes":""},"categories":[1,34],"tags":[70,47,269,553,223,27,554,555,552,13,284],"yoast_head":"<!-- This site is optimized with the Yoast SEO plugin v22.1 - https:\/\/yoast.com\/wordpress\/plugins\/seo\/ -->\n<title>U subotu 16. studenog po\u010dinje radionica &quot;Prakti\u010dna reklamna fotografija&quot; - Fotoklub \u010cakovec<\/title>\n<meta name=\"robots\" content=\"index, follow, max-snippet:-1, max-image-preview:large, max-video-preview:-1\" \/>\n<link rel=\"canonical\" href=\"https:\/\/fotoklub-cakovec.hr\/wp\/2013\/11\/u-subotu-16-studenog-pocinje-radionica-prakticna-reklamna-fotografija\" \/>\n<meta property=\"og:locale\" content=\"hr_HR\" \/>\n<meta property=\"og:type\" content=\"article\" \/>\n<meta property=\"og:title\" content=\"U subotu 16. studenog po\u010dinje radionica &quot;Prakti\u010dna reklamna fotografija&quot; - Fotoklub \u010cakovec\" \/>\n<meta property=\"og:description\" content=\"Jo\u0161 jedna jesenska radionica zapo\u010dinje uskoro! Namijenjena je uglavnom poduzetnicima, ali i svim onima koje zanima reklamna fotografija (fotografija predmeta). Voditelji su: Davor \u017derjav i Davorin Mance. Radionice se odr\u017eavaju subotama 16., 23. i 30. studenog, a vi\u0161e informacija mo\u017eete saznati OVDJE. Prijave su u tijeku.\" \/>\n<meta property=\"og:url\" content=\"https:\/\/fotoklub-cakovec.hr\/wp\/2013\/11\/u-subotu-16-studenog-pocinje-radionica-prakticna-reklamna-fotografija\" \/>\n<meta property=\"og:site_name\" content=\"Fotoklub \u010cakovec\" \/>\n<meta property=\"article:author\" content=\"http:\/\/www.facebook.com\/davor.zerjav\" \/>\n<meta property=\"article:published_time\" content=\"2013-11-04T08:07:18+00:00\" \/>\n<meta property=\"og:image\" content=\"http:\/\/fotoklub-cakovec.hr\/wp\/wp-content\/uploads\/2013\/11\/Reklamna-fb-banner.jpg\" \/>\n<meta name=\"author\" content=\"Davor \u017derjav\" \/>\n<meta name=\"twitter:card\" content=\"summary_large_image\" \/>\n<meta name=\"twitter:label1\" content=\"Napisao\/la\" \/>\n\t<meta name=\"twitter:data1\" content=\"Davor \u017derjav\" \/>\n<script type=\"application\/ld+json\" class=\"yoast-schema-graph\">{\"@context\":\"https:\/\/schema.org\",\"@graph\":[{\"@type\":\"WebPage\",\"@id\":\"https:\/\/fotoklub-cakovec.hr\/wp\/2013\/11\/u-subotu-16-studenog-pocinje-radionica-prakticna-reklamna-fotografija\",\"url\":\"https:\/\/fotoklub-cakovec.hr\/wp\/2013\/11\/u-subotu-16-studenog-pocinje-radionica-prakticna-reklamna-fotografija\",\"name\":\"U subotu 16. studenog po\u010dinje radionica \\\"Prakti\u010dna reklamna fotografija\\\" - Fotoklub \u010cakovec\",\"isPartOf\":{\"@id\":\"https:\/\/fotoklub-cakovec.hr\/wp\/#website\"},\"datePublished\":\"2013-11-04T08:07:18+00:00\",\"dateModified\":\"2013-11-04T08:07:18+00:00\",\"author\":{\"@id\":\"https:\/\/fotoklub-cakovec.hr\/wp\/#\/schema\/person\/6085546602c6f579bef91c3c55c2f767\"},\"breadcrumb\":{\"@id\":\"https:\/\/fotoklub-cakovec.hr\/wp\/2013\/11\/u-subotu-16-studenog-pocinje-radionica-prakticna-reklamna-fotografija#breadcrumb\"},\"inLanguage\":\"hr\",\"potentialAction\":[{\"@type\":\"ReadAction\",\"target\":[\"https:\/\/fotoklub-cakovec.hr\/wp\/2013\/11\/u-subotu-16-studenog-pocinje-radionica-prakticna-reklamna-fotografija\"]}]},{\"@type\":\"BreadcrumbList\",\"@id\":\"https:\/\/fotoklub-cakovec.hr\/wp\/2013\/11\/u-subotu-16-studenog-pocinje-radionica-prakticna-reklamna-fotografija#breadcrumb\",\"itemListElement\":[{\"@type\":\"ListItem\",\"position\":1,\"name\":\"Po\u010detna stranica\",\"item\":\"https:\/\/fotoklub-cakovec.hr\/wp\"},{\"@type\":\"ListItem\",\"position\":2,\"name\":\"U subotu 16. studenog po\u010dinje radionica &#8220;Prakti\u010dna reklamna fotografija&#8221;\"}]},{\"@type\":\"WebSite\",\"@id\":\"https:\/\/fotoklub-cakovec.hr\/wp\/#website\",\"url\":\"https:\/\/fotoklub-cakovec.hr\/wp\/\",\"name\":\"Fotoklub \u010cakovec\",\"description\":\"Slu\u017ebene internet stranice fotokluba \u010cakovec\",\"potentialAction\":[{\"@type\":\"SearchAction\",\"target\":{\"@type\":\"EntryPoint\",\"urlTemplate\":\"https:\/\/fotoklub-cakovec.hr\/wp\/?s={search_term_string}\"},\"query-input\":\"required name=search_term_string\"}],\"inLanguage\":\"hr\"},{\"@type\":\"Person\",\"@id\":\"https:\/\/fotoklub-cakovec.hr\/wp\/#\/schema\/person\/6085546602c6f579bef91c3c55c2f767\",\"name\":\"Davor \u017derjav\",\"image\":{\"@type\":\"ImageObject\",\"inLanguage\":\"hr\",\"@id\":\"https:\/\/fotoklub-cakovec.hr\/wp\/#\/schema\/person\/image\/\",\"url\":\"https:\/\/fotoklub-cakovec.hr\/wp\/wp-content\/uploads\/2017\/02\/IMG_9537_kvadrat_1094-96x96.jpg\",\"contentUrl\":\"https:\/\/fotoklub-cakovec.hr\/wp\/wp-content\/uploads\/2017\/02\/IMG_9537_kvadrat_1094-96x96.jpg\",\"caption\":\"Davor \u017derjav\"},\"description\":\"Davor \u017derjav je \u010dlan Fotokluba \u010cakovec od 2009., zaljubljenik u fotografiju, autor knjiga \\\"Promi\u0161ljati fotografski\\\", \\\"K\u00f4d fotografske slike\\\", \\\"LICA\\\" i \\\"Kreativna makrofotografija\\\" te pokreta\u010d Edukativne biblioteke Fotokluba \u010cakovec i biblioteke Fotomonografije Fotokluba \u010cakovec. U klubu u suradnji s kolegom Sini\u0161om Luda\u0161em - Pixinom vodi radionicu Portretna fotografija, s kolegom Davorinom Manceom vodi radionicu Prakti\u010dna reklamna fotografija, i Ljetnu \u0161kolu fotografije za djecu. Bavi se studijskom i portretnom fotografijom. http:\/\/davorzerjav.from.hr\/\",\"sameAs\":[\"http:\/\/www.davorzerjav.from.hr\",\"http:\/\/www.facebook.com\/davor.zerjav\"],\"url\":\"https:\/\/fotoklub-cakovec.hr\/wp\/author\/davorz\"}]}<\/script>\n<!-- \/ Yoast SEO plugin. -->","yoast_head_json":{"title":"U subotu 16. studenog po\u010dinje radionica \"Prakti\u010dna reklamna fotografija\" - Fotoklub \u010cakovec","robots":{"index":"index","follow":"follow","max-snippet":"max-snippet:-1","max-image-preview":"max-image-preview:large","max-video-preview":"max-video-preview:-1"},"canonical":"https:\/\/fotoklub-cakovec.hr\/wp\/2013\/11\/u-subotu-16-studenog-pocinje-radionica-prakticna-reklamna-fotografija","og_locale":"hr_HR","og_type":"article","og_title":"U subotu 16. studenog po\u010dinje radionica \"Prakti\u010dna reklamna fotografija\" - Fotoklub \u010cakovec","og_description":"Jo\u0161 jedna jesenska radionica zapo\u010dinje uskoro! Namijenjena je uglavnom poduzetnicima, ali i svim onima koje zanima reklamna fotografija (fotografija predmeta). Voditelji su: Davor \u017derjav i Davorin Mance. Radionice se odr\u017eavaju subotama 16., 23. i 30. studenog, a vi\u0161e informacija mo\u017eete saznati OVDJE. Prijave su u tijeku.","og_url":"https:\/\/fotoklub-cakovec.hr\/wp\/2013\/11\/u-subotu-16-studenog-pocinje-radionica-prakticna-reklamna-fotografija","og_site_name":"Fotoklub \u010cakovec","article_author":"http:\/\/www.facebook.com\/davor.zerjav","article_published_time":"2013-11-04T08:07:18+00:00","og_image":[{"url":"http:\/\/fotoklub-cakovec.hr\/wp\/wp-content\/uploads\/2013\/11\/Reklamna-fb-banner.jpg"}],"author":"Davor \u017derjav","twitter_card":"summary_large_image","twitter_misc":{"Napisao\/la":"Davor \u017derjav"},"schema":{"@context":"https:\/\/schema.org","@graph":[{"@type":"WebPage","@id":"https:\/\/fotoklub-cakovec.hr\/wp\/2013\/11\/u-subotu-16-studenog-pocinje-radionica-prakticna-reklamna-fotografija","url":"https:\/\/fotoklub-cakovec.hr\/wp\/2013\/11\/u-subotu-16-studenog-pocinje-radionica-prakticna-reklamna-fotografija","name":"U subotu 16. studenog po\u010dinje radionica \"Prakti\u010dna reklamna fotografija\" - Fotoklub \u010cakovec","isPartOf":{"@id":"https:\/\/fotoklub-cakovec.hr\/wp\/#website"},"datePublished":"2013-11-04T08:07:18+00:00","dateModified":"2013-11-04T08:07:18+00:00","author":{"@id":"https:\/\/fotoklub-cakovec.hr\/wp\/#\/schema\/person\/6085546602c6f579bef91c3c55c2f767"},"breadcrumb":{"@id":"https:\/\/fotoklub-cakovec.hr\/wp\/2013\/11\/u-subotu-16-studenog-pocinje-radionica-prakticna-reklamna-fotografija#breadcrumb"},"inLanguage":"hr","potentialAction":[{"@type":"ReadAction","target":["https:\/\/fotoklub-cakovec.hr\/wp\/2013\/11\/u-subotu-16-studenog-pocinje-radionica-prakticna-reklamna-fotografija"]}]},{"@type":"BreadcrumbList","@id":"https:\/\/fotoklub-cakovec.hr\/wp\/2013\/11\/u-subotu-16-studenog-pocinje-radionica-prakticna-reklamna-fotografija#breadcrumb","itemListElement":[{"@type":"ListItem","position":1,"name":"Po\u010detna stranica","item":"https:\/\/fotoklub-cakovec.hr\/wp"},{"@type":"ListItem","position":2,"name":"U subotu 16. studenog po\u010dinje radionica &#8220;Prakti\u010dna reklamna fotografija&#8221;"}]},{"@type":"WebSite","@id":"https:\/\/fotoklub-cakovec.hr\/wp\/#website","url":"https:\/\/fotoklub-cakovec.hr\/wp\/","name":"Fotoklub \u010cakovec","description":"Slu\u017ebene internet stranice fotokluba \u010cakovec","potentialAction":[{"@type":"SearchAction","target":{"@type":"EntryPoint","urlTemplate":"https:\/\/fotoklub-cakovec.hr\/wp\/?s={search_term_string}"},"query-input":"required name=search_term_string"}],"inLanguage":"hr"},{"@type":"Person","@id":"https:\/\/fotoklub-cakovec.hr\/wp\/#\/schema\/person\/6085546602c6f579bef91c3c55c2f767","name":"Davor \u017derjav","image":{"@type":"ImageObject","inLanguage":"hr","@id":"https:\/\/fotoklub-cakovec.hr\/wp\/#\/schema\/person\/image\/","url":"https:\/\/fotoklub-cakovec.hr\/wp\/wp-content\/uploads\/2017\/02\/IMG_9537_kvadrat_1094-96x96.jpg","contentUrl":"https:\/\/fotoklub-cakovec.hr\/wp\/wp-content\/uploads\/2017\/02\/IMG_9537_kvadrat_1094-96x96.jpg","caption":"Davor \u017derjav"},"description":"Davor \u017derjav je \u010dlan Fotokluba \u010cakovec od 2009., zaljubljenik u fotografiju, autor knjiga \"Promi\u0161ljati fotografski\", \"K\u00f4d fotografske slike\", \"LICA\" i \"Kreativna makrofotografija\" te pokreta\u010d Edukativne biblioteke Fotokluba \u010cakovec i biblioteke Fotomonografije Fotokluba \u010cakovec. U klubu u suradnji s kolegom Sini\u0161om Luda\u0161em - Pixinom vodi radionicu Portretna fotografija, s kolegom Davorinom Manceom vodi radionicu Prakti\u010dna reklamna fotografija, i Ljetnu \u0161kolu fotografije za djecu. Bavi se studijskom i portretnom fotografijom. http:\/\/davorzerjav.from.hr\/","sameAs":["http:\/\/www.davorzerjav.from.hr","http:\/\/www.facebook.com\/davor.zerjav"],"url":"https:\/\/fotoklub-cakovec.hr\/wp\/author\/davorz"}]}},"_links":{"self":[{"href":"https:\/\/fotoklub-cakovec.hr\/wp\/wp-json\/wp\/v2\/posts\/4812"}],"collection":[{"href":"https:\/\/fotoklub-cakovec.hr\/wp\/wp-json\/wp\/v2\/posts"}],"about":[{"href":"https:\/\/fotoklub-cakovec.hr\/wp\/wp-json\/wp\/v2\/types\/post"}],"author":[{"embeddable":true,"href":"https:\/\/fotoklub-cakovec.hr\/wp\/wp-json\/wp\/v2\/users\/10"}],"replies":[{"embeddable":true,"href":"https:\/\/fotoklub-cakovec.hr\/wp\/wp-json\/wp\/v2\/comments?post=4812"}],"version-history":[{"count":3,"href":"https:\/\/fotoklub-cakovec.hr\/wp\/wp-json\/wp\/v2\/posts\/4812\/revisions"}],"predecessor-version":[{"id":4818,"href":"https:\/\/fotoklub-cakovec.hr\/wp\/wp-json\/wp\/v2\/posts\/4812\/revisions\/4818"}],"wp:attachment":[{"href":"https:\/\/fotoklub-cakovec.hr\/wp\/wp-json\/wp\/v2\/media?parent=4812"}],"wp:term":[{"taxonomy":"category","embeddable":true,"href":"https:\/\/fotoklub-cakovec.hr\/wp\/wp-json\/wp\/v2\/categories?post=4812"},{"taxonomy":"post_tag","embeddable":true,"href":"https:\/\/fotoklub-cakovec.hr\/wp\/wp-json\/wp\/v2\/tags?post=4812"}],"curies":[{"name":"wp","href":"https:\/\/api.w.org\/{rel}","templated":true}]}}