{"id":453,"date":"2009-05-25T11:27:08","date_gmt":"2009-05-25T10:27:08","guid":{"rendered":"http:\/\/fotoklub-cakovec.hr\/wp\/?p=453"},"modified":"2010-09-01T15:54:48","modified_gmt":"2010-09-01T14:54:48","slug":"izlozba-fotografija-lepi-grad","status":"publish","type":"post","link":"https:\/\/fotoklub-cakovec.hr\/wp\/2009\/05\/izlozba-fotografija-lepi-grad","title":{"rendered":"Izlo\u017eba fotografija: Lepi grad"},"content":{"rendered":"<p><img decoding=\"async\" class=\"alignleft size-full wp-image-454 colorbox-453\" title=\"grad_1\" src=\"http:\/\/fotoklub-cakovec.hr\/wp\/wp-content\/uploads\/2009\/05\/grad_1.jpg\" alt=\"grad_1\" width=\"200\" height=\"133\" \/>Pozivamo vas na izlo\u017ebu fotografija \u010dlanova Fotokluba \u010cakovec, <em>29.05.2009. s po\u010detkom u 19 sati<\/em>. Otvorenje izlo\u017ebe \u0107e biti izme\u0111u Doma sindikata i Galerije Scheier, pokraj kavane Parco Alfa, 5 metara od gradske vure! A evo i opisa izlo\u017ebe, koja se na ovakav na\u010din po prvi puta prezentira u gradu \u010cakovcu: ostvarenje ove izlo\u017ebe predvi\u0111eno je postavljanjem fotografske instalacije u ulici Matice Hrvatske u \u010cakovcu na dijelu izme\u0111u zgrade Scheier i Doma Sindikata.Instalaciju \u010dine dva kubusa od metalnih cijevi dimenzija 2,5m x 2,5m x 2,5m na koje su napete cerade s fotografijama, \u0161to je ukupno cca 20 metara kvadratnih izlo\u017ebene plohe, a smje\u0161teni su na po\u010detku ulice Matice Hrvatske. Fotografije su ispisane na ceradu i otporne su na djelovanje atmosferilija. Smje\u0161taj instalacije u ulici Matice Hrvatske odabran je stoga \u0161to \u0161irina ulice omogu\u0107uje nesmetano obila\u017eenje, a instalacija je dobro vidljiva iz smjera Trga republike, ulice Kralja Tomislava, ulice Katarine Zrinske, terase kavane Parco Alfa i zgrade Scheier. Vidimo se! Pozdrav od ekipe FK\u010cKa!!!<br \/>\n\u00a9fotoklub-cakovec.hr \/ F: Jama<\/p>\n","protected":false},"excerpt":{"rendered":"<p>Pozivamo vas na izlo\u017ebu fotografija \u010dlanova Fotokluba \u010cakovec, 29.05.2009. s po\u010detkom u 19 sati. Otvorenje izlo\u017ebe \u0107e biti izme\u0111u Doma sindikata i Galerije Scheier, pokraj kavane Parco Alfa, 5 metara od gradske vure! A evo i opisa izlo\u017ebe, koja se na ovakav na\u010din po prvi puta prezentira u gradu \u010cakovcu: ostvarenje ove izlo\u017ebe predvi\u0111eno je [&hellip;]<\/p>\n","protected":false},"author":2,"featured_media":0,"comment_status":"closed","ping_status":"closed","sticky":false,"template":"","format":"standard","meta":{"footnotes":""},"categories":[10],"tags":[],"yoast_head":"<!-- This site is optimized with the Yoast SEO plugin v22.1 - https:\/\/yoast.com\/wordpress\/plugins\/seo\/ -->\n<title>Izlo\u017eba fotografija: Lepi grad - Fotoklub \u010cakovec<\/title>\n<meta name=\"robots\" content=\"index, follow, max-snippet:-1, max-image-preview:large, max-video-preview:-1\" \/>\n<link rel=\"canonical\" href=\"https:\/\/fotoklub-cakovec.hr\/wp\/2009\/05\/izlozba-fotografija-lepi-grad\" \/>\n<meta property=\"og:locale\" content=\"hr_HR\" \/>\n<meta property=\"og:type\" content=\"article\" \/>\n<meta property=\"og:title\" content=\"Izlo\u017eba fotografija: Lepi grad - Fotoklub \u010cakovec\" \/>\n<meta property=\"og:description\" content=\"Pozivamo vas na izlo\u017ebu fotografija \u010dlanova Fotokluba \u010cakovec, 29.05.2009. s po\u010detkom u 19 sati. Otvorenje izlo\u017ebe \u0107e biti izme\u0111u Doma sindikata i Galerije Scheier, pokraj kavane Parco Alfa, 5 metara od gradske vure! A evo i opisa izlo\u017ebe, koja se na ovakav na\u010din po prvi puta prezentira u gradu \u010cakovcu: ostvarenje ove izlo\u017ebe predvi\u0111eno je [&hellip;]\" \/>\n<meta property=\"og:url\" content=\"https:\/\/fotoklub-cakovec.hr\/wp\/2009\/05\/izlozba-fotografija-lepi-grad\" \/>\n<meta property=\"og:site_name\" content=\"Fotoklub \u010cakovec\" \/>\n<meta property=\"article:published_time\" content=\"2009-05-25T10:27:08+00:00\" \/>\n<meta property=\"article:modified_time\" content=\"2010-09-01T14:54:48+00:00\" \/>\n<meta property=\"og:image\" content=\"http:\/\/fotoklub-cakovec.hr\/wp\/wp-content\/uploads\/2009\/05\/grad_1.jpg\" \/>\n<meta name=\"author\" content=\"urednik\" \/>\n<meta name=\"twitter:card\" content=\"summary_large_image\" \/>\n<meta name=\"twitter:label1\" content=\"Napisao\/la\" \/>\n\t<meta name=\"twitter:data1\" content=\"urednik\" \/>\n\t<meta name=\"twitter:label2\" content=\"Procijenjeno vrijeme \u010ditanja\" \/>\n\t<meta name=\"twitter:data2\" content=\"1 minuta\" \/>\n<script type=\"application\/ld+json\" class=\"yoast-schema-graph\">{\"@context\":\"https:\/\/schema.org\",\"@graph\":[{\"@type\":\"WebPage\",\"@id\":\"https:\/\/fotoklub-cakovec.hr\/wp\/2009\/05\/izlozba-fotografija-lepi-grad\",\"url\":\"https:\/\/fotoklub-cakovec.hr\/wp\/2009\/05\/izlozba-fotografija-lepi-grad\",\"name\":\"Izlo\u017eba fotografija: Lepi grad - Fotoklub \u010cakovec\",\"isPartOf\":{\"@id\":\"https:\/\/fotoklub-cakovec.hr\/wp\/#website\"},\"datePublished\":\"2009-05-25T10:27:08+00:00\",\"dateModified\":\"2010-09-01T14:54:48+00:00\",\"author\":{\"@id\":\"https:\/\/fotoklub-cakovec.hr\/wp\/#\/schema\/person\/f2bc5eef1aaf0823ac22207bc27c3d1c\"},\"breadcrumb\":{\"@id\":\"https:\/\/fotoklub-cakovec.hr\/wp\/2009\/05\/izlozba-fotografija-lepi-grad#breadcrumb\"},\"inLanguage\":\"hr\",\"potentialAction\":[{\"@type\":\"ReadAction\",\"target\":[\"https:\/\/fotoklub-cakovec.hr\/wp\/2009\/05\/izlozba-fotografija-lepi-grad\"]}]},{\"@type\":\"BreadcrumbList\",\"@id\":\"https:\/\/fotoklub-cakovec.hr\/wp\/2009\/05\/izlozba-fotografija-lepi-grad#breadcrumb\",\"itemListElement\":[{\"@type\":\"ListItem\",\"position\":1,\"name\":\"Po\u010detna stranica\",\"item\":\"https:\/\/fotoklub-cakovec.hr\/wp\"},{\"@type\":\"ListItem\",\"position\":2,\"name\":\"Izlo\u017eba fotografija: Lepi grad\"}]},{\"@type\":\"WebSite\",\"@id\":\"https:\/\/fotoklub-cakovec.hr\/wp\/#website\",\"url\":\"https:\/\/fotoklub-cakovec.hr\/wp\/\",\"name\":\"Fotoklub \u010cakovec\",\"description\":\"Slu\u017ebene internet stranice fotokluba \u010cakovec\",\"potentialAction\":[{\"@type\":\"SearchAction\",\"target\":{\"@type\":\"EntryPoint\",\"urlTemplate\":\"https:\/\/fotoklub-cakovec.hr\/wp\/?s={search_term_string}\"},\"query-input\":\"required name=search_term_string\"}],\"inLanguage\":\"hr\"},{\"@type\":\"Person\",\"@id\":\"https:\/\/fotoklub-cakovec.hr\/wp\/#\/schema\/person\/f2bc5eef1aaf0823ac22207bc27c3d1c\",\"name\":\"urednik\",\"image\":{\"@type\":\"ImageObject\",\"inLanguage\":\"hr\",\"@id\":\"https:\/\/fotoklub-cakovec.hr\/wp\/#\/schema\/person\/image\/\",\"url\":\"https:\/\/secure.gravatar.com\/avatar\/d0d66020249b56462d4831816f1f12b3?s=96&d=mm&r=g\",\"contentUrl\":\"https:\/\/secure.gravatar.com\/avatar\/d0d66020249b56462d4831816f1f12b3?s=96&d=mm&r=g\",\"caption\":\"urednik\"},\"sameAs\":[\"http:\/\/www.fotoklub-cakovec.hr\"],\"url\":\"https:\/\/fotoklub-cakovec.hr\/wp\/author\/urednik\"}]}<\/script>\n<!-- \/ Yoast SEO plugin. -->","yoast_head_json":{"title":"Izlo\u017eba fotografija: Lepi grad - Fotoklub \u010cakovec","robots":{"index":"index","follow":"follow","max-snippet":"max-snippet:-1","max-image-preview":"max-image-preview:large","max-video-preview":"max-video-preview:-1"},"canonical":"https:\/\/fotoklub-cakovec.hr\/wp\/2009\/05\/izlozba-fotografija-lepi-grad","og_locale":"hr_HR","og_type":"article","og_title":"Izlo\u017eba fotografija: Lepi grad - Fotoklub \u010cakovec","og_description":"Pozivamo vas na izlo\u017ebu fotografija \u010dlanova Fotokluba \u010cakovec, 29.05.2009. s po\u010detkom u 19 sati. Otvorenje izlo\u017ebe \u0107e biti izme\u0111u Doma sindikata i Galerije Scheier, pokraj kavane Parco Alfa, 5 metara od gradske vure! A evo i opisa izlo\u017ebe, koja se na ovakav na\u010din po prvi puta prezentira u gradu \u010cakovcu: ostvarenje ove izlo\u017ebe predvi\u0111eno je [&hellip;]","og_url":"https:\/\/fotoklub-cakovec.hr\/wp\/2009\/05\/izlozba-fotografija-lepi-grad","og_site_name":"Fotoklub \u010cakovec","article_published_time":"2009-05-25T10:27:08+00:00","article_modified_time":"2010-09-01T14:54:48+00:00","og_image":[{"url":"http:\/\/fotoklub-cakovec.hr\/wp\/wp-content\/uploads\/2009\/05\/grad_1.jpg"}],"author":"urednik","twitter_card":"summary_large_image","twitter_misc":{"Napisao\/la":"urednik","Procijenjeno vrijeme \u010ditanja":"1 minuta"},"schema":{"@context":"https:\/\/schema.org","@graph":[{"@type":"WebPage","@id":"https:\/\/fotoklub-cakovec.hr\/wp\/2009\/05\/izlozba-fotografija-lepi-grad","url":"https:\/\/fotoklub-cakovec.hr\/wp\/2009\/05\/izlozba-fotografija-lepi-grad","name":"Izlo\u017eba fotografija: Lepi grad - Fotoklub \u010cakovec","isPartOf":{"@id":"https:\/\/fotoklub-cakovec.hr\/wp\/#website"},"datePublished":"2009-05-25T10:27:08+00:00","dateModified":"2010-09-01T14:54:48+00:00","author":{"@id":"https:\/\/fotoklub-cakovec.hr\/wp\/#\/schema\/person\/f2bc5eef1aaf0823ac22207bc27c3d1c"},"breadcrumb":{"@id":"https:\/\/fotoklub-cakovec.hr\/wp\/2009\/05\/izlozba-fotografija-lepi-grad#breadcrumb"},"inLanguage":"hr","potentialAction":[{"@type":"ReadAction","target":["https:\/\/fotoklub-cakovec.hr\/wp\/2009\/05\/izlozba-fotografija-lepi-grad"]}]},{"@type":"BreadcrumbList","@id":"https:\/\/fotoklub-cakovec.hr\/wp\/2009\/05\/izlozba-fotografija-lepi-grad#breadcrumb","itemListElement":[{"@type":"ListItem","position":1,"name":"Po\u010detna stranica","item":"https:\/\/fotoklub-cakovec.hr\/wp"},{"@type":"ListItem","position":2,"name":"Izlo\u017eba fotografija: Lepi grad"}]},{"@type":"WebSite","@id":"https:\/\/fotoklub-cakovec.hr\/wp\/#website","url":"https:\/\/fotoklub-cakovec.hr\/wp\/","name":"Fotoklub \u010cakovec","description":"Slu\u017ebene internet stranice fotokluba \u010cakovec","potentialAction":[{"@type":"SearchAction","target":{"@type":"EntryPoint","urlTemplate":"https:\/\/fotoklub-cakovec.hr\/wp\/?s={search_term_string}"},"query-input":"required name=search_term_string"}],"inLanguage":"hr"},{"@type":"Person","@id":"https:\/\/fotoklub-cakovec.hr\/wp\/#\/schema\/person\/f2bc5eef1aaf0823ac22207bc27c3d1c","name":"urednik","image":{"@type":"ImageObject","inLanguage":"hr","@id":"https:\/\/fotoklub-cakovec.hr\/wp\/#\/schema\/person\/image\/","url":"https:\/\/secure.gravatar.com\/avatar\/d0d66020249b56462d4831816f1f12b3?s=96&d=mm&r=g","contentUrl":"https:\/\/secure.gravatar.com\/avatar\/d0d66020249b56462d4831816f1f12b3?s=96&d=mm&r=g","caption":"urednik"},"sameAs":["http:\/\/www.fotoklub-cakovec.hr"],"url":"https:\/\/fotoklub-cakovec.hr\/wp\/author\/urednik"}]}},"_links":{"self":[{"href":"https:\/\/fotoklub-cakovec.hr\/wp\/wp-json\/wp\/v2\/posts\/453"}],"collection":[{"href":"https:\/\/fotoklub-cakovec.hr\/wp\/wp-json\/wp\/v2\/posts"}],"about":[{"href":"https:\/\/fotoklub-cakovec.hr\/wp\/wp-json\/wp\/v2\/types\/post"}],"author":[{"embeddable":true,"href":"https:\/\/fotoklub-cakovec.hr\/wp\/wp-json\/wp\/v2\/users\/2"}],"replies":[{"embeddable":true,"href":"https:\/\/fotoklub-cakovec.hr\/wp\/wp-json\/wp\/v2\/comments?post=453"}],"version-history":[{"count":6,"href":"https:\/\/fotoklub-cakovec.hr\/wp\/wp-json\/wp\/v2\/posts\/453\/revisions"}],"predecessor-version":[{"id":457,"href":"https:\/\/fotoklub-cakovec.hr\/wp\/wp-json\/wp\/v2\/posts\/453\/revisions\/457"}],"wp:attachment":[{"href":"https:\/\/fotoklub-cakovec.hr\/wp\/wp-json\/wp\/v2\/media?parent=453"}],"wp:term":[{"taxonomy":"category","embeddable":true,"href":"https:\/\/fotoklub-cakovec.hr\/wp\/wp-json\/wp\/v2\/categories?post=453"},{"taxonomy":"post_tag","embeddable":true,"href":"https:\/\/fotoklub-cakovec.hr\/wp\/wp-json\/wp\/v2\/tags?post=453"}],"curies":[{"name":"wp","href":"https:\/\/api.w.org\/{rel}","templated":true}]}}