{"id":4282,"date":"2013-06-05T20:50:07","date_gmt":"2013-06-05T19:50:07","guid":{"rendered":"http:\/\/fotoklub-cakovec.hr\/wp\/?p=4282"},"modified":"2013-06-05T20:50:07","modified_gmt":"2013-06-05T19:50:07","slug":"radionica-zeleni-vir-kanjon-vrazji-prolaz","status":"publish","type":"post","link":"https:\/\/fotoklub-cakovec.hr\/wp\/2013\/06\/radionica-zeleni-vir-kanjon-vrazji-prolaz","title":{"rendered":"Radionica Zeleni vir&ndash; kanjon Vra\u017eji prolaz"},"content":{"rendered":"<p>Dan odr\u017eavanja radionice se bli\u017ei, do sada smo u pejza\u017enoj kuharici pokrili sve lokacije iz radionice osim kanjona Vra\u017eji prolaz. To \u0107emo s nekoliko kadrova danas ispraviti.   <\/p>\n<p><a href=\"http:\/\/fotoklub-cakovec.hr\/wp\/wp-content\/uploads\/2013\/06\/DSC_1416.jpg\"><img class=\"colorbox-4282\"  fetchpriority=\"high\" decoding=\"async\" title=\"DSC_1416\" style=\"border-top: 0px; border-right: 0px; background-image: none; border-bottom: 0px; padding-top: 0px; padding-left: 0px; border-left: 0px; display: inline; padding-right: 0px\" border=\"0\" alt=\"DSC_1416\" src=\"http:\/\/fotoklub-cakovec.hr\/wp\/wp-content\/uploads\/2013\/06\/DSC_1416_thumb.jpg\" width=\"624\" height=\"417\" \/><\/a><\/p>\n<p>Kanjon iako ne predug, nudi mnogo dobrih motiva. Kori\u0161tenjem \u0161irokokutnog objektiva na gornjoj fotografiji dobila se dobra perspektiva dubine, s linijom vodiljom mosti\u0107a, te malim slapi\u0107em ispod njih.   <\/p>\n<p><a href=\"http:\/\/fotoklub-cakovec.hr\/wp\/wp-content\/uploads\/2013\/06\/DSC_1406.jpg\"><img class=\"colorbox-4282\"  decoding=\"async\" title=\"DSC_1406\" style=\"border-top: 0px; border-right: 0px; background-image: none; border-bottom: 0px; padding-top: 0px; padding-left: 0px; border-left: 0px; display: inline; padding-right: 0px\" border=\"0\" alt=\"DSC_1406\" src=\"http:\/\/fotoklub-cakovec.hr\/wp\/wp-content\/uploads\/2013\/06\/DSC_1406_thumb.jpg\" width=\"417\" height=\"624\" \/><\/a>    <\/p>\n<p>Petneastak, mo\u017eda i vi\u0161e metara ispod hu\u010di potok. U prednjem planu razlistalo se zelenilo, a u daljini se naziru mosti\u0107i koji nas vode od prednjeg do zadnjeg plana ove fotografije.    <\/p>\n<p><a href=\"http:\/\/fotoklub-cakovec.hr\/wp\/wp-content\/uploads\/2013\/06\/DSC_1387.jpg\"><img class=\"colorbox-4282\"  decoding=\"async\" title=\"DSC_1387\" style=\"border-top: 0px; border-right: 0px; background-image: none; border-bottom: 0px; padding-top: 0px; padding-left: 0px; border-left: 0px; display: inline; padding-right: 0px\" border=\"0\" alt=\"DSC_1387\" src=\"http:\/\/fotoklub-cakovec.hr\/wp\/wp-content\/uploads\/2013\/06\/DSC_1387_thumb.jpg\" width=\"417\" height=\"624\" \/><\/a><\/p>\n<p>Na nekoliko mjesta mo\u017ee se spustiti u samo dno kanjona i zagaziti u potok Jasle. \u0160to naravno nudi mogu\u0107nost fotografiranja kaskada, vode koja te\u010de oko stijena stvaraju\u0107i brzace i vrtloge.   <\/p>\n<p>Sve ovo i mnogo vi\u0161e mo\u0107i \u0107ete vijdeti, fotografirati i nau\u010diti na radionici koju organiziramo za vas!    <br \/><a href=\"http:\/\/fotoklub-cakovec.hr\/wp\/radionice\/zeleni-vir-radionica-pejzazne-fotografije\" target=\"_blank\">Saznajte vi\u0161e o radionici!<\/a><\/p>\n","protected":false},"excerpt":{"rendered":"<p>Dan odr\u017eavanja radionice se bli\u017ei, do sada smo u pejza\u017enoj kuharici pokrili sve lokacije iz radionice osim kanjona Vra\u017eji prolaz. To \u0107emo s nekoliko kadrova danas ispraviti. Kanjon iako ne predug, nudi mnogo dobrih motiva. Kori\u0161tenjem \u0161irokokutnog objektiva na gornjoj fotografiji dobila se dobra perspektiva dubine, s linijom vodiljom mosti\u0107a, te malim slapi\u0107em ispod njih. [&hellip;]<\/p>\n","protected":false},"author":6,"featured_media":0,"comment_status":"open","ping_status":"closed","sticky":false,"template":"","format":"standard","meta":{"footnotes":""},"categories":[287,34],"tags":[494,495,41,493,481],"yoast_head":"<!-- This site is optimized with the Yoast SEO plugin v22.1 - https:\/\/yoast.com\/wordpress\/plugins\/seo\/ -->\n<title>Radionica Zeleni vir&ndash; kanjon Vra\u017eji prolaz - Fotoklub \u010cakovec<\/title>\n<meta name=\"robots\" content=\"index, follow, max-snippet:-1, max-image-preview:large, max-video-preview:-1\" \/>\n<link rel=\"canonical\" href=\"https:\/\/fotoklub-cakovec.hr\/wp\/2013\/06\/radionica-zeleni-vir-kanjon-vrazji-prolaz\" \/>\n<meta property=\"og:locale\" content=\"hr_HR\" \/>\n<meta property=\"og:type\" content=\"article\" \/>\n<meta property=\"og:title\" content=\"Radionica Zeleni vir&ndash; kanjon Vra\u017eji prolaz - Fotoklub \u010cakovec\" \/>\n<meta property=\"og:description\" content=\"Dan odr\u017eavanja radionice se bli\u017ei, do sada smo u pejza\u017enoj kuharici pokrili sve lokacije iz radionice osim kanjona Vra\u017eji prolaz. To \u0107emo s nekoliko kadrova danas ispraviti. Kanjon iako ne predug, nudi mnogo dobrih motiva. Kori\u0161tenjem \u0161irokokutnog objektiva na gornjoj fotografiji dobila se dobra perspektiva dubine, s linijom vodiljom mosti\u0107a, te malim slapi\u0107em ispod njih. [&hellip;]\" \/>\n<meta property=\"og:url\" content=\"https:\/\/fotoklub-cakovec.hr\/wp\/2013\/06\/radionica-zeleni-vir-kanjon-vrazji-prolaz\" \/>\n<meta property=\"og:site_name\" content=\"Fotoklub \u010cakovec\" \/>\n<meta property=\"article:author\" content=\"https:\/\/www.facebook.com\/FilipLucin\" \/>\n<meta property=\"article:published_time\" content=\"2013-06-05T19:50:07+00:00\" \/>\n<meta property=\"og:image\" content=\"http:\/\/fotoklub-cakovec.hr\/wp\/wp-content\/uploads\/2013\/06\/DSC_1416_thumb.jpg\" \/>\n<meta name=\"author\" content=\"Filip Lu\u010din\" \/>\n<meta name=\"twitter:card\" content=\"summary_large_image\" \/>\n<meta name=\"twitter:label1\" content=\"Napisao\/la\" \/>\n\t<meta name=\"twitter:data1\" content=\"Filip Lu\u010din\" \/>\n\t<meta name=\"twitter:label2\" content=\"Procijenjeno vrijeme \u010ditanja\" \/>\n\t<meta name=\"twitter:data2\" content=\"1 minuta\" \/>\n<script type=\"application\/ld+json\" class=\"yoast-schema-graph\">{\"@context\":\"https:\/\/schema.org\",\"@graph\":[{\"@type\":\"WebPage\",\"@id\":\"https:\/\/fotoklub-cakovec.hr\/wp\/2013\/06\/radionica-zeleni-vir-kanjon-vrazji-prolaz\",\"url\":\"https:\/\/fotoklub-cakovec.hr\/wp\/2013\/06\/radionica-zeleni-vir-kanjon-vrazji-prolaz\",\"name\":\"Radionica Zeleni vir&ndash; kanjon Vra\u017eji prolaz - Fotoklub \u010cakovec\",\"isPartOf\":{\"@id\":\"https:\/\/fotoklub-cakovec.hr\/wp\/#website\"},\"datePublished\":\"2013-06-05T19:50:07+00:00\",\"dateModified\":\"2013-06-05T19:50:07+00:00\",\"author\":{\"@id\":\"https:\/\/fotoklub-cakovec.hr\/wp\/#\/schema\/person\/893483c3bc80659eb679fa6f9560fb2e\"},\"breadcrumb\":{\"@id\":\"https:\/\/fotoklub-cakovec.hr\/wp\/2013\/06\/radionica-zeleni-vir-kanjon-vrazji-prolaz#breadcrumb\"},\"inLanguage\":\"hr\",\"potentialAction\":[{\"@type\":\"ReadAction\",\"target\":[\"https:\/\/fotoklub-cakovec.hr\/wp\/2013\/06\/radionica-zeleni-vir-kanjon-vrazji-prolaz\"]}]},{\"@type\":\"BreadcrumbList\",\"@id\":\"https:\/\/fotoklub-cakovec.hr\/wp\/2013\/06\/radionica-zeleni-vir-kanjon-vrazji-prolaz#breadcrumb\",\"itemListElement\":[{\"@type\":\"ListItem\",\"position\":1,\"name\":\"Po\u010detna stranica\",\"item\":\"https:\/\/fotoklub-cakovec.hr\/wp\"},{\"@type\":\"ListItem\",\"position\":2,\"name\":\"Radionica Zeleni vir&ndash; kanjon Vra\u017eji prolaz\"}]},{\"@type\":\"WebSite\",\"@id\":\"https:\/\/fotoklub-cakovec.hr\/wp\/#website\",\"url\":\"https:\/\/fotoklub-cakovec.hr\/wp\/\",\"name\":\"Fotoklub \u010cakovec\",\"description\":\"Slu\u017ebene internet stranice fotokluba \u010cakovec\",\"potentialAction\":[{\"@type\":\"SearchAction\",\"target\":{\"@type\":\"EntryPoint\",\"urlTemplate\":\"https:\/\/fotoklub-cakovec.hr\/wp\/?s={search_term_string}\"},\"query-input\":\"required name=search_term_string\"}],\"inLanguage\":\"hr\"},{\"@type\":\"Person\",\"@id\":\"https:\/\/fotoklub-cakovec.hr\/wp\/#\/schema\/person\/893483c3bc80659eb679fa6f9560fb2e\",\"name\":\"Filip Lu\u010din\",\"image\":{\"@type\":\"ImageObject\",\"inLanguage\":\"hr\",\"@id\":\"https:\/\/fotoklub-cakovec.hr\/wp\/#\/schema\/person\/image\/\",\"url\":\"https:\/\/fotoklub-cakovec.hr\/wp\/wp-content\/uploads\/2013\/05\/LICA_2013_07_10_soho_Lucin_Filip_1979-web-150x150.jpg\",\"contentUrl\":\"https:\/\/fotoklub-cakovec.hr\/wp\/wp-content\/uploads\/2013\/05\/LICA_2013_07_10_soho_Lucin_Filip_1979-web-150x150.jpg\",\"caption\":\"Filip Lu\u010din\"},\"description\":\"Fotografijom se aktivno bavim od 2007. g. Pejza\u017ena fotografija mi je strast i zadovoljstvo, a usto volim dijeliti znanje koje stje\u010dem na terenu, prate\u0107i literaturu i druge fotografe. \u010clan sam fotokluba od samih po\u010detaka. Tajnik kluba od 2009. Tako\u0111er sam jedan od predava\u010da na radionicama Osnova digitalne fotografije, te na pejza\u017enim radionicama. Do sad sam sudjelovao u vi\u0161e skupnih izlo\u017eaba te sam imao samostalnu izlo\u017ebu \\\"\u010cetiri godi\u0161nja doba\\\" u Gimnaziji \u010cakovec. \u010clan uredni\u0161tva u knjigama u izdanju fotokluba.\",\"sameAs\":[\"http:\/\/filiplucin.from.hr\",\"https:\/\/www.facebook.com\/FilipLucin\"],\"url\":\"https:\/\/fotoklub-cakovec.hr\/wp\/author\/filiplucin\"}]}<\/script>\n<!-- \/ Yoast SEO plugin. -->","yoast_head_json":{"title":"Radionica Zeleni vir&ndash; kanjon Vra\u017eji prolaz - Fotoklub \u010cakovec","robots":{"index":"index","follow":"follow","max-snippet":"max-snippet:-1","max-image-preview":"max-image-preview:large","max-video-preview":"max-video-preview:-1"},"canonical":"https:\/\/fotoklub-cakovec.hr\/wp\/2013\/06\/radionica-zeleni-vir-kanjon-vrazji-prolaz","og_locale":"hr_HR","og_type":"article","og_title":"Radionica Zeleni vir&ndash; kanjon Vra\u017eji prolaz - Fotoklub \u010cakovec","og_description":"Dan odr\u017eavanja radionice se bli\u017ei, do sada smo u pejza\u017enoj kuharici pokrili sve lokacije iz radionice osim kanjona Vra\u017eji prolaz. To \u0107emo s nekoliko kadrova danas ispraviti. Kanjon iako ne predug, nudi mnogo dobrih motiva. Kori\u0161tenjem \u0161irokokutnog objektiva na gornjoj fotografiji dobila se dobra perspektiva dubine, s linijom vodiljom mosti\u0107a, te malim slapi\u0107em ispod njih. [&hellip;]","og_url":"https:\/\/fotoklub-cakovec.hr\/wp\/2013\/06\/radionica-zeleni-vir-kanjon-vrazji-prolaz","og_site_name":"Fotoklub \u010cakovec","article_author":"https:\/\/www.facebook.com\/FilipLucin","article_published_time":"2013-06-05T19:50:07+00:00","og_image":[{"url":"http:\/\/fotoklub-cakovec.hr\/wp\/wp-content\/uploads\/2013\/06\/DSC_1416_thumb.jpg"}],"author":"Filip Lu\u010din","twitter_card":"summary_large_image","twitter_misc":{"Napisao\/la":"Filip Lu\u010din","Procijenjeno vrijeme \u010ditanja":"1 minuta"},"schema":{"@context":"https:\/\/schema.org","@graph":[{"@type":"WebPage","@id":"https:\/\/fotoklub-cakovec.hr\/wp\/2013\/06\/radionica-zeleni-vir-kanjon-vrazji-prolaz","url":"https:\/\/fotoklub-cakovec.hr\/wp\/2013\/06\/radionica-zeleni-vir-kanjon-vrazji-prolaz","name":"Radionica Zeleni vir&ndash; kanjon Vra\u017eji prolaz - Fotoklub \u010cakovec","isPartOf":{"@id":"https:\/\/fotoklub-cakovec.hr\/wp\/#website"},"datePublished":"2013-06-05T19:50:07+00:00","dateModified":"2013-06-05T19:50:07+00:00","author":{"@id":"https:\/\/fotoklub-cakovec.hr\/wp\/#\/schema\/person\/893483c3bc80659eb679fa6f9560fb2e"},"breadcrumb":{"@id":"https:\/\/fotoklub-cakovec.hr\/wp\/2013\/06\/radionica-zeleni-vir-kanjon-vrazji-prolaz#breadcrumb"},"inLanguage":"hr","potentialAction":[{"@type":"ReadAction","target":["https:\/\/fotoklub-cakovec.hr\/wp\/2013\/06\/radionica-zeleni-vir-kanjon-vrazji-prolaz"]}]},{"@type":"BreadcrumbList","@id":"https:\/\/fotoklub-cakovec.hr\/wp\/2013\/06\/radionica-zeleni-vir-kanjon-vrazji-prolaz#breadcrumb","itemListElement":[{"@type":"ListItem","position":1,"name":"Po\u010detna stranica","item":"https:\/\/fotoklub-cakovec.hr\/wp"},{"@type":"ListItem","position":2,"name":"Radionica Zeleni vir&ndash; kanjon Vra\u017eji prolaz"}]},{"@type":"WebSite","@id":"https:\/\/fotoklub-cakovec.hr\/wp\/#website","url":"https:\/\/fotoklub-cakovec.hr\/wp\/","name":"Fotoklub \u010cakovec","description":"Slu\u017ebene internet stranice fotokluba \u010cakovec","potentialAction":[{"@type":"SearchAction","target":{"@type":"EntryPoint","urlTemplate":"https:\/\/fotoklub-cakovec.hr\/wp\/?s={search_term_string}"},"query-input":"required name=search_term_string"}],"inLanguage":"hr"},{"@type":"Person","@id":"https:\/\/fotoklub-cakovec.hr\/wp\/#\/schema\/person\/893483c3bc80659eb679fa6f9560fb2e","name":"Filip Lu\u010din","image":{"@type":"ImageObject","inLanguage":"hr","@id":"https:\/\/fotoklub-cakovec.hr\/wp\/#\/schema\/person\/image\/","url":"https:\/\/fotoklub-cakovec.hr\/wp\/wp-content\/uploads\/2013\/05\/LICA_2013_07_10_soho_Lucin_Filip_1979-web-150x150.jpg","contentUrl":"https:\/\/fotoklub-cakovec.hr\/wp\/wp-content\/uploads\/2013\/05\/LICA_2013_07_10_soho_Lucin_Filip_1979-web-150x150.jpg","caption":"Filip Lu\u010din"},"description":"Fotografijom se aktivno bavim od 2007. g. Pejza\u017ena fotografija mi je strast i zadovoljstvo, a usto volim dijeliti znanje koje stje\u010dem na terenu, prate\u0107i literaturu i druge fotografe. \u010clan sam fotokluba od samih po\u010detaka. Tajnik kluba od 2009. Tako\u0111er sam jedan od predava\u010da na radionicama Osnova digitalne fotografije, te na pejza\u017enim radionicama. Do sad sam sudjelovao u vi\u0161e skupnih izlo\u017eaba te sam imao samostalnu izlo\u017ebu \"\u010cetiri godi\u0161nja doba\" u Gimnaziji \u010cakovec. \u010clan uredni\u0161tva u knjigama u izdanju fotokluba.","sameAs":["http:\/\/filiplucin.from.hr","https:\/\/www.facebook.com\/FilipLucin"],"url":"https:\/\/fotoklub-cakovec.hr\/wp\/author\/filiplucin"}]}},"_links":{"self":[{"href":"https:\/\/fotoklub-cakovec.hr\/wp\/wp-json\/wp\/v2\/posts\/4282"}],"collection":[{"href":"https:\/\/fotoklub-cakovec.hr\/wp\/wp-json\/wp\/v2\/posts"}],"about":[{"href":"https:\/\/fotoklub-cakovec.hr\/wp\/wp-json\/wp\/v2\/types\/post"}],"author":[{"embeddable":true,"href":"https:\/\/fotoklub-cakovec.hr\/wp\/wp-json\/wp\/v2\/users\/6"}],"replies":[{"embeddable":true,"href":"https:\/\/fotoklub-cakovec.hr\/wp\/wp-json\/wp\/v2\/comments?post=4282"}],"version-history":[{"count":0,"href":"https:\/\/fotoklub-cakovec.hr\/wp\/wp-json\/wp\/v2\/posts\/4282\/revisions"}],"wp:attachment":[{"href":"https:\/\/fotoklub-cakovec.hr\/wp\/wp-json\/wp\/v2\/media?parent=4282"}],"wp:term":[{"taxonomy":"category","embeddable":true,"href":"https:\/\/fotoklub-cakovec.hr\/wp\/wp-json\/wp\/v2\/categories?post=4282"},{"taxonomy":"post_tag","embeddable":true,"href":"https:\/\/fotoklub-cakovec.hr\/wp\/wp-json\/wp\/v2\/tags?post=4282"}],"curies":[{"name":"wp","href":"https:\/\/api.w.org\/{rel}","templated":true}]}}