{"id":1343,"date":"2011-10-18T20:43:39","date_gmt":"2011-10-18T19:43:39","guid":{"rendered":"http:\/\/fotoklub-cakovec.hr\/wp\/?p=1343"},"modified":"2012-01-29T10:12:53","modified_gmt":"2012-01-29T09:12:53","slug":"promovirana-knjiga-promisljati-fotografski","status":"publish","type":"post","link":"https:\/\/fotoklub-cakovec.hr\/wp\/2011\/10\/promovirana-knjiga-promisljati-fotografski","title":{"rendered":"Promovirana knjiga &#8220;Promi\u0161ljati fotografski&#8221;!"},"content":{"rendered":"<p style=\"text-align: justify;\"><a href=\"http:\/\/fotoklub-cakovec.hr\/wp\/wp-content\/uploads\/2011\/10\/promocija.jpg\"><img fetchpriority=\"high\" decoding=\"async\" class=\"alignleft size-medium wp-image-1344 colorbox-1343\" title=\"promocija\" src=\"http:\/\/fotoklub-cakovec.hr\/wp\/wp-content\/uploads\/2011\/10\/promocija-300x199.jpg\" alt=\"\" width=\"300\" height=\"199\" srcset=\"https:\/\/fotoklub-cakovec.hr\/wp\/wp-content\/uploads\/2011\/10\/promocija-300x199.jpg 300w, https:\/\/fotoklub-cakovec.hr\/wp\/wp-content\/uploads\/2011\/10\/promocija.jpg 960w\" sizes=\"(max-width: 300px) 100vw, 300px\" \/><\/a>18. Listopad, 2011. \u010cakovec.<br \/>\nU petak, 14. listopada u Domu sindikata u \u010cakovcu slu\u017ebeno je predstavljena knjiga &#8220;Promi\u0161ljati fotografski&#8221; u nakladi Fotokluba \u010cakovec, autora Davora \u017derjava. Pred brojnom publikom, autor je uz detaljnije predstavljanje knjige, tako\u0111er predstavio i \u010dlanove fotokluba \u010cakovec koji su sudjelovali u pripremi ove knjige. Bilo kao autori fotografija ili kao \u010dlanovi uredni\u0161tva. Nakon promocije, odr\u017eao se mali domjenak u kojem smo u\u017eivali u vrhunskim vinima Dvanaj\u0161\u010dak &#8211; Kozol, na \u010demu smo im zahvalni!\u00a0 Tako\u0111er zahvala ide i duetu Marko i Laci, koji su svojom vrhunskom glazbenom izvedbom obogatili program promocije.<\/p>\n<p style=\"text-align: justify;\">T: Fotoklub \u010cakovec, F: Petar Sabol<\/p>\n","protected":false},"excerpt":{"rendered":"<p>18. Listopad, 2011. \u010cakovec. U petak, 14. listopada u Domu sindikata u \u010cakovcu slu\u017ebeno je predstavljena knjiga &#8220;Promi\u0161ljati fotografski&#8221; u nakladi Fotokluba \u010cakovec, autora Davora \u017derjava. Pred brojnom publikom, autor je uz detaljnije predstavljanje knjige, tako\u0111er predstavio i \u010dlanove fotokluba \u010cakovec koji su sudjelovali u pripremi ove knjige. Bilo kao autori fotografija ili kao \u010dlanovi [&hellip;]<\/p>\n","protected":false},"author":6,"featured_media":0,"comment_status":"open","ping_status":"open","sticky":false,"template":"","format":"standard","meta":{"footnotes":""},"categories":[11],"tags":[109,110,164,106,108,107],"yoast_head":"<!-- This site is optimized with the Yoast SEO plugin v22.1 - https:\/\/yoast.com\/wordpress\/plugins\/seo\/ -->\n<title>Promovirana knjiga &quot;Promi\u0161ljati fotografski&quot;! - Fotoklub \u010cakovec<\/title>\n<meta name=\"robots\" content=\"index, follow, max-snippet:-1, max-image-preview:large, max-video-preview:-1\" \/>\n<link rel=\"canonical\" href=\"https:\/\/fotoklub-cakovec.hr\/wp\/2011\/10\/promovirana-knjiga-promisljati-fotografski\" \/>\n<meta property=\"og:locale\" content=\"hr_HR\" \/>\n<meta property=\"og:type\" content=\"article\" \/>\n<meta property=\"og:title\" content=\"Promovirana knjiga &quot;Promi\u0161ljati fotografski&quot;! - Fotoklub \u010cakovec\" \/>\n<meta property=\"og:description\" content=\"18. Listopad, 2011. \u010cakovec. U petak, 14. listopada u Domu sindikata u \u010cakovcu slu\u017ebeno je predstavljena knjiga &#8220;Promi\u0161ljati fotografski&#8221; u nakladi Fotokluba \u010cakovec, autora Davora \u017derjava. Pred brojnom publikom, autor je uz detaljnije predstavljanje knjige, tako\u0111er predstavio i \u010dlanove fotokluba \u010cakovec koji su sudjelovali u pripremi ove knjige. Bilo kao autori fotografija ili kao \u010dlanovi [&hellip;]\" \/>\n<meta property=\"og:url\" content=\"https:\/\/fotoklub-cakovec.hr\/wp\/2011\/10\/promovirana-knjiga-promisljati-fotografski\" \/>\n<meta property=\"og:site_name\" content=\"Fotoklub \u010cakovec\" \/>\n<meta property=\"article:author\" content=\"https:\/\/www.facebook.com\/FilipLucin\" \/>\n<meta property=\"article:published_time\" content=\"2011-10-18T19:43:39+00:00\" \/>\n<meta property=\"article:modified_time\" content=\"2012-01-29T09:12:53+00:00\" \/>\n<meta property=\"og:image\" content=\"http:\/\/fotoklub-cakovec.hr\/wp\/wp-content\/uploads\/2011\/10\/promocija-300x199.jpg\" \/>\n<meta name=\"author\" content=\"Filip Lu\u010din\" \/>\n<meta name=\"twitter:card\" content=\"summary_large_image\" \/>\n<meta name=\"twitter:label1\" content=\"Napisao\/la\" \/>\n\t<meta name=\"twitter:data1\" content=\"Filip Lu\u010din\" \/>\n\t<meta name=\"twitter:label2\" content=\"Procijenjeno vrijeme \u010ditanja\" \/>\n\t<meta name=\"twitter:data2\" content=\"1 minuta\" \/>\n<script type=\"application\/ld+json\" class=\"yoast-schema-graph\">{\"@context\":\"https:\/\/schema.org\",\"@graph\":[{\"@type\":\"WebPage\",\"@id\":\"https:\/\/fotoklub-cakovec.hr\/wp\/2011\/10\/promovirana-knjiga-promisljati-fotografski\",\"url\":\"https:\/\/fotoklub-cakovec.hr\/wp\/2011\/10\/promovirana-knjiga-promisljati-fotografski\",\"name\":\"Promovirana knjiga \\\"Promi\u0161ljati fotografski\\\"! - Fotoklub \u010cakovec\",\"isPartOf\":{\"@id\":\"https:\/\/fotoklub-cakovec.hr\/wp\/#website\"},\"datePublished\":\"2011-10-18T19:43:39+00:00\",\"dateModified\":\"2012-01-29T09:12:53+00:00\",\"author\":{\"@id\":\"https:\/\/fotoklub-cakovec.hr\/wp\/#\/schema\/person\/893483c3bc80659eb679fa6f9560fb2e\"},\"breadcrumb\":{\"@id\":\"https:\/\/fotoklub-cakovec.hr\/wp\/2011\/10\/promovirana-knjiga-promisljati-fotografski#breadcrumb\"},\"inLanguage\":\"hr\",\"potentialAction\":[{\"@type\":\"ReadAction\",\"target\":[\"https:\/\/fotoklub-cakovec.hr\/wp\/2011\/10\/promovirana-knjiga-promisljati-fotografski\"]}]},{\"@type\":\"BreadcrumbList\",\"@id\":\"https:\/\/fotoklub-cakovec.hr\/wp\/2011\/10\/promovirana-knjiga-promisljati-fotografski#breadcrumb\",\"itemListElement\":[{\"@type\":\"ListItem\",\"position\":1,\"name\":\"Po\u010detna stranica\",\"item\":\"https:\/\/fotoklub-cakovec.hr\/wp\"},{\"@type\":\"ListItem\",\"position\":2,\"name\":\"Promovirana knjiga &#8220;Promi\u0161ljati fotografski&#8221;!\"}]},{\"@type\":\"WebSite\",\"@id\":\"https:\/\/fotoklub-cakovec.hr\/wp\/#website\",\"url\":\"https:\/\/fotoklub-cakovec.hr\/wp\/\",\"name\":\"Fotoklub \u010cakovec\",\"description\":\"Slu\u017ebene internet stranice fotokluba \u010cakovec\",\"potentialAction\":[{\"@type\":\"SearchAction\",\"target\":{\"@type\":\"EntryPoint\",\"urlTemplate\":\"https:\/\/fotoklub-cakovec.hr\/wp\/?s={search_term_string}\"},\"query-input\":\"required name=search_term_string\"}],\"inLanguage\":\"hr\"},{\"@type\":\"Person\",\"@id\":\"https:\/\/fotoklub-cakovec.hr\/wp\/#\/schema\/person\/893483c3bc80659eb679fa6f9560fb2e\",\"name\":\"Filip Lu\u010din\",\"image\":{\"@type\":\"ImageObject\",\"inLanguage\":\"hr\",\"@id\":\"https:\/\/fotoklub-cakovec.hr\/wp\/#\/schema\/person\/image\/\",\"url\":\"https:\/\/fotoklub-cakovec.hr\/wp\/wp-content\/uploads\/2013\/05\/LICA_2013_07_10_soho_Lucin_Filip_1979-web-150x150.jpg\",\"contentUrl\":\"https:\/\/fotoklub-cakovec.hr\/wp\/wp-content\/uploads\/2013\/05\/LICA_2013_07_10_soho_Lucin_Filip_1979-web-150x150.jpg\",\"caption\":\"Filip Lu\u010din\"},\"description\":\"Fotografijom se aktivno bavim od 2007. g. Pejza\u017ena fotografija mi je strast i zadovoljstvo, a usto volim dijeliti znanje koje stje\u010dem na terenu, prate\u0107i literaturu i druge fotografe. \u010clan sam fotokluba od samih po\u010detaka. Tajnik kluba od 2009. Tako\u0111er sam jedan od predava\u010da na radionicama Osnova digitalne fotografije, te na pejza\u017enim radionicama. Do sad sam sudjelovao u vi\u0161e skupnih izlo\u017eaba te sam imao samostalnu izlo\u017ebu \\\"\u010cetiri godi\u0161nja doba\\\" u Gimnaziji \u010cakovec. \u010clan uredni\u0161tva u knjigama u izdanju fotokluba.\",\"sameAs\":[\"http:\/\/filiplucin.from.hr\",\"https:\/\/www.facebook.com\/FilipLucin\"],\"url\":\"https:\/\/fotoklub-cakovec.hr\/wp\/author\/filiplucin\"}]}<\/script>\n<!-- \/ Yoast SEO plugin. -->","yoast_head_json":{"title":"Promovirana knjiga \"Promi\u0161ljati fotografski\"! - Fotoklub \u010cakovec","robots":{"index":"index","follow":"follow","max-snippet":"max-snippet:-1","max-image-preview":"max-image-preview:large","max-video-preview":"max-video-preview:-1"},"canonical":"https:\/\/fotoklub-cakovec.hr\/wp\/2011\/10\/promovirana-knjiga-promisljati-fotografski","og_locale":"hr_HR","og_type":"article","og_title":"Promovirana knjiga \"Promi\u0161ljati fotografski\"! - Fotoklub \u010cakovec","og_description":"18. Listopad, 2011. \u010cakovec. U petak, 14. listopada u Domu sindikata u \u010cakovcu slu\u017ebeno je predstavljena knjiga &#8220;Promi\u0161ljati fotografski&#8221; u nakladi Fotokluba \u010cakovec, autora Davora \u017derjava. Pred brojnom publikom, autor je uz detaljnije predstavljanje knjige, tako\u0111er predstavio i \u010dlanove fotokluba \u010cakovec koji su sudjelovali u pripremi ove knjige. Bilo kao autori fotografija ili kao \u010dlanovi [&hellip;]","og_url":"https:\/\/fotoklub-cakovec.hr\/wp\/2011\/10\/promovirana-knjiga-promisljati-fotografski","og_site_name":"Fotoklub \u010cakovec","article_author":"https:\/\/www.facebook.com\/FilipLucin","article_published_time":"2011-10-18T19:43:39+00:00","article_modified_time":"2012-01-29T09:12:53+00:00","og_image":[{"url":"http:\/\/fotoklub-cakovec.hr\/wp\/wp-content\/uploads\/2011\/10\/promocija-300x199.jpg"}],"author":"Filip Lu\u010din","twitter_card":"summary_large_image","twitter_misc":{"Napisao\/la":"Filip Lu\u010din","Procijenjeno vrijeme \u010ditanja":"1 minuta"},"schema":{"@context":"https:\/\/schema.org","@graph":[{"@type":"WebPage","@id":"https:\/\/fotoklub-cakovec.hr\/wp\/2011\/10\/promovirana-knjiga-promisljati-fotografski","url":"https:\/\/fotoklub-cakovec.hr\/wp\/2011\/10\/promovirana-knjiga-promisljati-fotografski","name":"Promovirana knjiga \"Promi\u0161ljati fotografski\"! - Fotoklub \u010cakovec","isPartOf":{"@id":"https:\/\/fotoklub-cakovec.hr\/wp\/#website"},"datePublished":"2011-10-18T19:43:39+00:00","dateModified":"2012-01-29T09:12:53+00:00","author":{"@id":"https:\/\/fotoklub-cakovec.hr\/wp\/#\/schema\/person\/893483c3bc80659eb679fa6f9560fb2e"},"breadcrumb":{"@id":"https:\/\/fotoklub-cakovec.hr\/wp\/2011\/10\/promovirana-knjiga-promisljati-fotografski#breadcrumb"},"inLanguage":"hr","potentialAction":[{"@type":"ReadAction","target":["https:\/\/fotoklub-cakovec.hr\/wp\/2011\/10\/promovirana-knjiga-promisljati-fotografski"]}]},{"@type":"BreadcrumbList","@id":"https:\/\/fotoklub-cakovec.hr\/wp\/2011\/10\/promovirana-knjiga-promisljati-fotografski#breadcrumb","itemListElement":[{"@type":"ListItem","position":1,"name":"Po\u010detna stranica","item":"https:\/\/fotoklub-cakovec.hr\/wp"},{"@type":"ListItem","position":2,"name":"Promovirana knjiga &#8220;Promi\u0161ljati fotografski&#8221;!"}]},{"@type":"WebSite","@id":"https:\/\/fotoklub-cakovec.hr\/wp\/#website","url":"https:\/\/fotoklub-cakovec.hr\/wp\/","name":"Fotoklub \u010cakovec","description":"Slu\u017ebene internet stranice fotokluba \u010cakovec","potentialAction":[{"@type":"SearchAction","target":{"@type":"EntryPoint","urlTemplate":"https:\/\/fotoklub-cakovec.hr\/wp\/?s={search_term_string}"},"query-input":"required name=search_term_string"}],"inLanguage":"hr"},{"@type":"Person","@id":"https:\/\/fotoklub-cakovec.hr\/wp\/#\/schema\/person\/893483c3bc80659eb679fa6f9560fb2e","name":"Filip Lu\u010din","image":{"@type":"ImageObject","inLanguage":"hr","@id":"https:\/\/fotoklub-cakovec.hr\/wp\/#\/schema\/person\/image\/","url":"https:\/\/fotoklub-cakovec.hr\/wp\/wp-content\/uploads\/2013\/05\/LICA_2013_07_10_soho_Lucin_Filip_1979-web-150x150.jpg","contentUrl":"https:\/\/fotoklub-cakovec.hr\/wp\/wp-content\/uploads\/2013\/05\/LICA_2013_07_10_soho_Lucin_Filip_1979-web-150x150.jpg","caption":"Filip Lu\u010din"},"description":"Fotografijom se aktivno bavim od 2007. g. Pejza\u017ena fotografija mi je strast i zadovoljstvo, a usto volim dijeliti znanje koje stje\u010dem na terenu, prate\u0107i literaturu i druge fotografe. \u010clan sam fotokluba od samih po\u010detaka. Tajnik kluba od 2009. Tako\u0111er sam jedan od predava\u010da na radionicama Osnova digitalne fotografije, te na pejza\u017enim radionicama. Do sad sam sudjelovao u vi\u0161e skupnih izlo\u017eaba te sam imao samostalnu izlo\u017ebu \"\u010cetiri godi\u0161nja doba\" u Gimnaziji \u010cakovec. \u010clan uredni\u0161tva u knjigama u izdanju fotokluba.","sameAs":["http:\/\/filiplucin.from.hr","https:\/\/www.facebook.com\/FilipLucin"],"url":"https:\/\/fotoklub-cakovec.hr\/wp\/author\/filiplucin"}]}},"_links":{"self":[{"href":"https:\/\/fotoklub-cakovec.hr\/wp\/wp-json\/wp\/v2\/posts\/1343"}],"collection":[{"href":"https:\/\/fotoklub-cakovec.hr\/wp\/wp-json\/wp\/v2\/posts"}],"about":[{"href":"https:\/\/fotoklub-cakovec.hr\/wp\/wp-json\/wp\/v2\/types\/post"}],"author":[{"embeddable":true,"href":"https:\/\/fotoklub-cakovec.hr\/wp\/wp-json\/wp\/v2\/users\/6"}],"replies":[{"embeddable":true,"href":"https:\/\/fotoklub-cakovec.hr\/wp\/wp-json\/wp\/v2\/comments?post=1343"}],"version-history":[{"count":4,"href":"https:\/\/fotoklub-cakovec.hr\/wp\/wp-json\/wp\/v2\/posts\/1343\/revisions"}],"predecessor-version":[{"id":1618,"href":"https:\/\/fotoklub-cakovec.hr\/wp\/wp-json\/wp\/v2\/posts\/1343\/revisions\/1618"}],"wp:attachment":[{"href":"https:\/\/fotoklub-cakovec.hr\/wp\/wp-json\/wp\/v2\/media?parent=1343"}],"wp:term":[{"taxonomy":"category","embeddable":true,"href":"https:\/\/fotoklub-cakovec.hr\/wp\/wp-json\/wp\/v2\/categories?post=1343"},{"taxonomy":"post_tag","embeddable":true,"href":"https:\/\/fotoklub-cakovec.hr\/wp\/wp-json\/wp\/v2\/tags?post=1343"}],"curies":[{"name":"wp","href":"https:\/\/api.w.org\/{rel}","templated":true}]}}