{"id":1031,"date":"2010-10-27T15:47:43","date_gmt":"2010-10-27T14:47:43","guid":{"rendered":"http:\/\/fotoklub-cakovec.hr\/wp\/?p=1031"},"modified":"2010-10-27T15:47:43","modified_gmt":"2010-10-27T14:47:43","slug":"zavrsile-radionice","status":"publish","type":"post","link":"https:\/\/fotoklub-cakovec.hr\/wp\/2010\/10\/zavrsile-radionice","title":{"rendered":"Zavr\u0161ile radionice !"},"content":{"rendered":"<p style=\"text-align: justify;\"><a href=\"http:\/\/fotoklub-cakovec.hr\/wp\/wp-content\/uploads\/2010\/10\/DSC_8576.jpg\"><img fetchpriority=\"high\" decoding=\"async\" class=\"alignleft size-medium wp-image-1032 colorbox-1031\" title=\"Podjela_radionice_52010\" src=\"http:\/\/fotoklub-cakovec.hr\/wp\/wp-content\/uploads\/2010\/10\/DSC_8576-300x199.jpg\" alt=\"\" width=\"300\" height=\"199\" srcset=\"https:\/\/fotoklub-cakovec.hr\/wp\/wp-content\/uploads\/2010\/10\/DSC_8576-300x199.jpg 300w, https:\/\/fotoklub-cakovec.hr\/wp\/wp-content\/uploads\/2010\/10\/DSC_8576.jpg 700w\" sizes=\"(max-width: 300px) 100vw, 300px\" \/><\/a>\u010cakovec, 27. listopad.<br \/>\nPro\u0161lu\u00a0 subotu, 23. 10. uspje\u0161no su zavr\u0161ile pete po redu radionice osnova digitalne fotografije. Ovaj put imali smo 12 polaznika ODF i jednu polaznicu OAF od kojih su se mnogi pokazali kao ljudi istan\u010danog fotografskog oka. Radionice su se odr\u017eale kroz \u010detiri popodnevna termina od dva, ponekad gotovo i tri sata kroz koje smo polaznike upoznavali sa osnovima digitalne fotografije, pa sa pejza\u017enom,\u00a0 portretnom, makro i drugim vidovima fotografije.\u00a0 Sljede\u0107e radionice najavljujemo za travanj idu\u0107e godine. [svgallery name=&#8221;Radionice_jesen_2010&#8243; link=&#8221;Galerija fotografija sa radionica&#8221;]<\/p>\n<p>Foto: Filip Lu\u010din, Davorin Mance\u00a0 \u00a9fotoklub-cakovec.hr<\/p>\n","protected":false},"excerpt":{"rendered":"<p>\u010cakovec, 27. listopad. Pro\u0161lu\u00a0 subotu, 23. 10. uspje\u0161no su zavr\u0161ile pete po redu radionice osnova digitalne fotografije. Ovaj put imali smo 12 polaznika ODF i jednu polaznicu OAF od kojih su se mnogi pokazali kao ljudi istan\u010danog fotografskog oka. Radionice su se odr\u017eale kroz \u010detiri popodnevna termina od dva, ponekad gotovo i tri sata kroz [&hellip;]<\/p>\n","protected":false},"author":6,"featured_media":0,"comment_status":"open","ping_status":"open","sticky":false,"template":"","format":"standard","meta":{"footnotes":""},"categories":[34],"tags":[15,14,13],"yoast_head":"<!-- This site is optimized with the Yoast SEO plugin v22.1 - https:\/\/yoast.com\/wordpress\/plugins\/seo\/ -->\n<title>Zavr\u0161ile radionice ! - Fotoklub \u010cakovec<\/title>\n<meta name=\"robots\" content=\"index, follow, max-snippet:-1, max-image-preview:large, max-video-preview:-1\" \/>\n<link rel=\"canonical\" href=\"https:\/\/fotoklub-cakovec.hr\/wp\/2010\/10\/zavrsile-radionice\" \/>\n<meta property=\"og:locale\" content=\"hr_HR\" \/>\n<meta property=\"og:type\" content=\"article\" \/>\n<meta property=\"og:title\" content=\"Zavr\u0161ile radionice ! - Fotoklub \u010cakovec\" \/>\n<meta property=\"og:description\" content=\"\u010cakovec, 27. listopad. Pro\u0161lu\u00a0 subotu, 23. 10. uspje\u0161no su zavr\u0161ile pete po redu radionice osnova digitalne fotografije. Ovaj put imali smo 12 polaznika ODF i jednu polaznicu OAF od kojih su se mnogi pokazali kao ljudi istan\u010danog fotografskog oka. Radionice su se odr\u017eale kroz \u010detiri popodnevna termina od dva, ponekad gotovo i tri sata kroz [&hellip;]\" \/>\n<meta property=\"og:url\" content=\"https:\/\/fotoklub-cakovec.hr\/wp\/2010\/10\/zavrsile-radionice\" \/>\n<meta property=\"og:site_name\" content=\"Fotoklub \u010cakovec\" \/>\n<meta property=\"article:author\" content=\"https:\/\/www.facebook.com\/FilipLucin\" \/>\n<meta property=\"article:published_time\" content=\"2010-10-27T14:47:43+00:00\" \/>\n<meta property=\"og:image\" content=\"http:\/\/fotoklub-cakovec.hr\/wp\/wp-content\/uploads\/2010\/10\/DSC_8576-300x199.jpg\" \/>\n<meta name=\"author\" content=\"Filip Lu\u010din\" \/>\n<meta name=\"twitter:card\" content=\"summary_large_image\" \/>\n<meta name=\"twitter:label1\" content=\"Napisao\/la\" \/>\n\t<meta name=\"twitter:data1\" content=\"Filip Lu\u010din\" \/>\n\t<meta name=\"twitter:label2\" content=\"Procijenjeno vrijeme \u010ditanja\" \/>\n\t<meta name=\"twitter:data2\" content=\"1 minuta\" \/>\n<script type=\"application\/ld+json\" class=\"yoast-schema-graph\">{\"@context\":\"https:\/\/schema.org\",\"@graph\":[{\"@type\":\"WebPage\",\"@id\":\"https:\/\/fotoklub-cakovec.hr\/wp\/2010\/10\/zavrsile-radionice\",\"url\":\"https:\/\/fotoklub-cakovec.hr\/wp\/2010\/10\/zavrsile-radionice\",\"name\":\"Zavr\u0161ile radionice ! - Fotoklub \u010cakovec\",\"isPartOf\":{\"@id\":\"https:\/\/fotoklub-cakovec.hr\/wp\/#website\"},\"datePublished\":\"2010-10-27T14:47:43+00:00\",\"dateModified\":\"2010-10-27T14:47:43+00:00\",\"author\":{\"@id\":\"https:\/\/fotoklub-cakovec.hr\/wp\/#\/schema\/person\/893483c3bc80659eb679fa6f9560fb2e\"},\"breadcrumb\":{\"@id\":\"https:\/\/fotoklub-cakovec.hr\/wp\/2010\/10\/zavrsile-radionice#breadcrumb\"},\"inLanguage\":\"hr\",\"potentialAction\":[{\"@type\":\"ReadAction\",\"target\":[\"https:\/\/fotoklub-cakovec.hr\/wp\/2010\/10\/zavrsile-radionice\"]}]},{\"@type\":\"BreadcrumbList\",\"@id\":\"https:\/\/fotoklub-cakovec.hr\/wp\/2010\/10\/zavrsile-radionice#breadcrumb\",\"itemListElement\":[{\"@type\":\"ListItem\",\"position\":1,\"name\":\"Po\u010detna stranica\",\"item\":\"https:\/\/fotoklub-cakovec.hr\/wp\"},{\"@type\":\"ListItem\",\"position\":2,\"name\":\"Zavr\u0161ile radionice !\"}]},{\"@type\":\"WebSite\",\"@id\":\"https:\/\/fotoklub-cakovec.hr\/wp\/#website\",\"url\":\"https:\/\/fotoklub-cakovec.hr\/wp\/\",\"name\":\"Fotoklub \u010cakovec\",\"description\":\"Slu\u017ebene internet stranice fotokluba \u010cakovec\",\"potentialAction\":[{\"@type\":\"SearchAction\",\"target\":{\"@type\":\"EntryPoint\",\"urlTemplate\":\"https:\/\/fotoklub-cakovec.hr\/wp\/?s={search_term_string}\"},\"query-input\":\"required name=search_term_string\"}],\"inLanguage\":\"hr\"},{\"@type\":\"Person\",\"@id\":\"https:\/\/fotoklub-cakovec.hr\/wp\/#\/schema\/person\/893483c3bc80659eb679fa6f9560fb2e\",\"name\":\"Filip Lu\u010din\",\"image\":{\"@type\":\"ImageObject\",\"inLanguage\":\"hr\",\"@id\":\"https:\/\/fotoklub-cakovec.hr\/wp\/#\/schema\/person\/image\/\",\"url\":\"https:\/\/fotoklub-cakovec.hr\/wp\/wp-content\/uploads\/2013\/05\/LICA_2013_07_10_soho_Lucin_Filip_1979-web-150x150.jpg\",\"contentUrl\":\"https:\/\/fotoklub-cakovec.hr\/wp\/wp-content\/uploads\/2013\/05\/LICA_2013_07_10_soho_Lucin_Filip_1979-web-150x150.jpg\",\"caption\":\"Filip Lu\u010din\"},\"description\":\"Fotografijom se aktivno bavim od 2007. g. Pejza\u017ena fotografija mi je strast i zadovoljstvo, a usto volim dijeliti znanje koje stje\u010dem na terenu, prate\u0107i literaturu i druge fotografe. \u010clan sam fotokluba od samih po\u010detaka. Tajnik kluba od 2009. Tako\u0111er sam jedan od predava\u010da na radionicama Osnova digitalne fotografije, te na pejza\u017enim radionicama. Do sad sam sudjelovao u vi\u0161e skupnih izlo\u017eaba te sam imao samostalnu izlo\u017ebu \\\"\u010cetiri godi\u0161nja doba\\\" u Gimnaziji \u010cakovec. \u010clan uredni\u0161tva u knjigama u izdanju fotokluba.\",\"sameAs\":[\"http:\/\/filiplucin.from.hr\",\"https:\/\/www.facebook.com\/FilipLucin\"],\"url\":\"https:\/\/fotoklub-cakovec.hr\/wp\/author\/filiplucin\"}]}<\/script>\n<!-- \/ Yoast SEO plugin. -->","yoast_head_json":{"title":"Zavr\u0161ile radionice ! - Fotoklub \u010cakovec","robots":{"index":"index","follow":"follow","max-snippet":"max-snippet:-1","max-image-preview":"max-image-preview:large","max-video-preview":"max-video-preview:-1"},"canonical":"https:\/\/fotoklub-cakovec.hr\/wp\/2010\/10\/zavrsile-radionice","og_locale":"hr_HR","og_type":"article","og_title":"Zavr\u0161ile radionice ! - Fotoklub \u010cakovec","og_description":"\u010cakovec, 27. listopad. Pro\u0161lu\u00a0 subotu, 23. 10. uspje\u0161no su zavr\u0161ile pete po redu radionice osnova digitalne fotografije. Ovaj put imali smo 12 polaznika ODF i jednu polaznicu OAF od kojih su se mnogi pokazali kao ljudi istan\u010danog fotografskog oka. Radionice su se odr\u017eale kroz \u010detiri popodnevna termina od dva, ponekad gotovo i tri sata kroz [&hellip;]","og_url":"https:\/\/fotoklub-cakovec.hr\/wp\/2010\/10\/zavrsile-radionice","og_site_name":"Fotoklub \u010cakovec","article_author":"https:\/\/www.facebook.com\/FilipLucin","article_published_time":"2010-10-27T14:47:43+00:00","og_image":[{"url":"http:\/\/fotoklub-cakovec.hr\/wp\/wp-content\/uploads\/2010\/10\/DSC_8576-300x199.jpg"}],"author":"Filip Lu\u010din","twitter_card":"summary_large_image","twitter_misc":{"Napisao\/la":"Filip Lu\u010din","Procijenjeno vrijeme \u010ditanja":"1 minuta"},"schema":{"@context":"https:\/\/schema.org","@graph":[{"@type":"WebPage","@id":"https:\/\/fotoklub-cakovec.hr\/wp\/2010\/10\/zavrsile-radionice","url":"https:\/\/fotoklub-cakovec.hr\/wp\/2010\/10\/zavrsile-radionice","name":"Zavr\u0161ile radionice ! - Fotoklub \u010cakovec","isPartOf":{"@id":"https:\/\/fotoklub-cakovec.hr\/wp\/#website"},"datePublished":"2010-10-27T14:47:43+00:00","dateModified":"2010-10-27T14:47:43+00:00","author":{"@id":"https:\/\/fotoklub-cakovec.hr\/wp\/#\/schema\/person\/893483c3bc80659eb679fa6f9560fb2e"},"breadcrumb":{"@id":"https:\/\/fotoklub-cakovec.hr\/wp\/2010\/10\/zavrsile-radionice#breadcrumb"},"inLanguage":"hr","potentialAction":[{"@type":"ReadAction","target":["https:\/\/fotoklub-cakovec.hr\/wp\/2010\/10\/zavrsile-radionice"]}]},{"@type":"BreadcrumbList","@id":"https:\/\/fotoklub-cakovec.hr\/wp\/2010\/10\/zavrsile-radionice#breadcrumb","itemListElement":[{"@type":"ListItem","position":1,"name":"Po\u010detna stranica","item":"https:\/\/fotoklub-cakovec.hr\/wp"},{"@type":"ListItem","position":2,"name":"Zavr\u0161ile radionice !"}]},{"@type":"WebSite","@id":"https:\/\/fotoklub-cakovec.hr\/wp\/#website","url":"https:\/\/fotoklub-cakovec.hr\/wp\/","name":"Fotoklub \u010cakovec","description":"Slu\u017ebene internet stranice fotokluba \u010cakovec","potentialAction":[{"@type":"SearchAction","target":{"@type":"EntryPoint","urlTemplate":"https:\/\/fotoklub-cakovec.hr\/wp\/?s={search_term_string}"},"query-input":"required name=search_term_string"}],"inLanguage":"hr"},{"@type":"Person","@id":"https:\/\/fotoklub-cakovec.hr\/wp\/#\/schema\/person\/893483c3bc80659eb679fa6f9560fb2e","name":"Filip Lu\u010din","image":{"@type":"ImageObject","inLanguage":"hr","@id":"https:\/\/fotoklub-cakovec.hr\/wp\/#\/schema\/person\/image\/","url":"https:\/\/fotoklub-cakovec.hr\/wp\/wp-content\/uploads\/2013\/05\/LICA_2013_07_10_soho_Lucin_Filip_1979-web-150x150.jpg","contentUrl":"https:\/\/fotoklub-cakovec.hr\/wp\/wp-content\/uploads\/2013\/05\/LICA_2013_07_10_soho_Lucin_Filip_1979-web-150x150.jpg","caption":"Filip Lu\u010din"},"description":"Fotografijom se aktivno bavim od 2007. g. Pejza\u017ena fotografija mi je strast i zadovoljstvo, a usto volim dijeliti znanje koje stje\u010dem na terenu, prate\u0107i literaturu i druge fotografe. \u010clan sam fotokluba od samih po\u010detaka. Tajnik kluba od 2009. Tako\u0111er sam jedan od predava\u010da na radionicama Osnova digitalne fotografije, te na pejza\u017enim radionicama. Do sad sam sudjelovao u vi\u0161e skupnih izlo\u017eaba te sam imao samostalnu izlo\u017ebu \"\u010cetiri godi\u0161nja doba\" u Gimnaziji \u010cakovec. \u010clan uredni\u0161tva u knjigama u izdanju fotokluba.","sameAs":["http:\/\/filiplucin.from.hr","https:\/\/www.facebook.com\/FilipLucin"],"url":"https:\/\/fotoklub-cakovec.hr\/wp\/author\/filiplucin"}]}},"_links":{"self":[{"href":"https:\/\/fotoklub-cakovec.hr\/wp\/wp-json\/wp\/v2\/posts\/1031"}],"collection":[{"href":"https:\/\/fotoklub-cakovec.hr\/wp\/wp-json\/wp\/v2\/posts"}],"about":[{"href":"https:\/\/fotoklub-cakovec.hr\/wp\/wp-json\/wp\/v2\/types\/post"}],"author":[{"embeddable":true,"href":"https:\/\/fotoklub-cakovec.hr\/wp\/wp-json\/wp\/v2\/users\/6"}],"replies":[{"embeddable":true,"href":"https:\/\/fotoklub-cakovec.hr\/wp\/wp-json\/wp\/v2\/comments?post=1031"}],"version-history":[{"count":3,"href":"https:\/\/fotoklub-cakovec.hr\/wp\/wp-json\/wp\/v2\/posts\/1031\/revisions"}],"predecessor-version":[{"id":1035,"href":"https:\/\/fotoklub-cakovec.hr\/wp\/wp-json\/wp\/v2\/posts\/1031\/revisions\/1035"}],"wp:attachment":[{"href":"https:\/\/fotoklub-cakovec.hr\/wp\/wp-json\/wp\/v2\/media?parent=1031"}],"wp:term":[{"taxonomy":"category","embeddable":true,"href":"https:\/\/fotoklub-cakovec.hr\/wp\/wp-json\/wp\/v2\/categories?post=1031"},{"taxonomy":"post_tag","embeddable":true,"href":"https:\/\/fotoklub-cakovec.hr\/wp\/wp-json\/wp\/v2\/tags?post=1031"}],"curies":[{"name":"wp","href":"https:\/\/api.w.org\/{rel}","templated":true}]}}